{"id":18370,"date":"2025-10-02T19:37:10","date_gmt":"2025-10-02T22:37:10","guid":{"rendered":"https:\/\/www.noticiasmas.com.ar\/?p=18370"},"modified":"2025-10-02T19:37:12","modified_gmt":"2025-10-02T22:37:12","slug":"nuevo-paro-de-judiciales-nacionales-este-viernes-no-habra-actividad-en-los-tribunales-federales-de-rosario","status":"publish","type":"post","link":"https:\/\/www.noticiasmas.com.ar\/index.php\/2025\/10\/02\/nuevo-paro-de-judiciales-nacionales-este-viernes-no-habra-actividad-en-los-tribunales-federales-de-rosario\/","title":{"rendered":"NUEVO PARO DE JUDICIALES NACIONALES ESTE VIERNES, NO HABRA ACTIVIDAD EN LOS TRIBUNALES FEDERALES DE ROSARIO"},"content":{"rendered":"\n<p>La Uni\u00f3n de Empleados de la Justicia de la Naci\u00f3n (UEJN) profundiza su plan de lucha. El gremio anunci\u00f3 un nuevo paro nacional de 24 horas para el pr\u00f3ximo viernes 3 de octubre, en respuesta a la cr\u00edtica situaci\u00f3n salarial y presupuestaria que atraviesa el sector. La regional Santa Fe que conduce Lisandro Casalle anunci\u00f3 que no habr\u00e1 actividades en los Tribunales Federales de Rosario y otras dependencias del sector.<\/p>\n\n\n\n<p>En tanto, el secretario general de la UEJN nacional, Julio Piumato, dijo que octubre arranca con \u201cmuchas preocupaciones&#8221;. Al problema salarial, que sigue manteniendo la p\u00e9rdida brutal de diciembre del 2023 del 29,2%, &#8220;se suma el alerta por el peligro de modificaci\u00f3n de jubilaciones y la situaci\u00f3n del traspaso de la Justicia\u201d, detall\u00f3.<\/p>\n\n\n\n<p>Piumato tambi\u00e9n denunci\u00f3 el \u201crecorte presupuestario que directamente pone en riesgo el funcionamiento mismo de la Justicia en general\u201d. Advirti\u00f3 que esto complicar\u00eda a\u00fan m\u00e1s la implementaci\u00f3n del nuevo C\u00f3digo Procesal Penal, que \u201cse est\u00e1 haciendo con casi nulo presupuesto\u201d.<\/p>\n\n\n\n<p>En paralelo a la medida de fuerza, el gremio no abandona la v\u00eda institucional. En ese sentido, se present\u00f3 a la Corte Suprema el nuevo pedido de recomposici\u00f3n salarial para septiembre, sobre la misma base de recuperar la inflaci\u00f3n de septiembre, m\u00e1s una parte de lo que hemos perdido desde diciembre de 2023.<\/p>\n\n\n\n<p><\/p>\n","protected":false},"excerpt":{"rendered":"<p>La Uni\u00f3n de Empleados de la Justicia de la Naci\u00f3n (UEJN) profundiza su plan de lucha. El gremio anunci\u00f3 un nuevo paro nacional de 24 horas para el pr\u00f3ximo viernes 3 de octubre, en respuesta a la cr\u00edtica situaci\u00f3n salarial y presupuestaria que atraviesa el sector. La regional Santa Fe que conduce Lisandro Casalle anunci\u00f3 [&hellip;]<\/p>\n","protected":false},"author":5,"featured_media":17113,"comment_status":"closed","ping_status":"open","sticky":false,"template":"","format":"standard","meta":{"tdm_status":"","tdm_grid_status":"","footnotes":""},"categories":[1],"tags":[324,226,2218,163,4603,4567],"class_list":{"0":"post-18370","1":"post","2":"type-post","3":"status-publish","4":"format-standard","5":"has-post-thumbnail","7":"category-nacionales","8":"tag-argentina","9":"tag-gremiales","10":"tag-paro-nacional","11":"tag-rosario","12":"tag-tribunales-federales","13":"tag-uejn"},"_links":{"self":[{"href":"https:\/\/www.noticiasmas.com.ar\/index.php\/wp-json\/wp\/v2\/posts\/18370","targetHints":{"allow":["GET"]}}],"collection":[{"href":"https:\/\/www.noticiasmas.com.ar\/index.php\/wp-json\/wp\/v2\/posts"}],"about":[{"href":"https:\/\/www.noticiasmas.com.ar\/index.php\/wp-json\/wp\/v2\/types\/post"}],"author":[{"embeddable":true,"href":"https:\/\/www.noticiasmas.com.ar\/index.php\/wp-json\/wp\/v2\/users\/5"}],"replies":[{"embeddable":true,"href":"https:\/\/www.noticiasmas.com.ar\/index.php\/wp-json\/wp\/v2\/comments?post=18370"}],"version-history":[{"count":1,"href":"https:\/\/www.noticiasmas.com.ar\/index.php\/wp-json\/wp\/v2\/posts\/18370\/revisions"}],"predecessor-version":[{"id":18371,"href":"https:\/\/www.noticiasmas.com.ar\/index.php\/wp-json\/wp\/v2\/posts\/18370\/revisions\/18371"}],"wp:featuredmedia":[{"embeddable":true,"href":"https:\/\/www.noticiasmas.com.ar\/index.php\/wp-json\/wp\/v2\/media\/17113"}],"wp:attachment":[{"href":"https:\/\/www.noticiasmas.com.ar\/index.php\/wp-json\/wp\/v2\/media?parent=18370"}],"wp:term":[{"taxonomy":"category","embeddable":true,"href":"https:\/\/www.noticiasmas.com.ar\/index.php\/wp-json\/wp\/v2\/categories?post=18370"},{"taxonomy":"post_tag","embeddable":true,"href":"https:\/\/www.noticiasmas.com.ar\/index.php\/wp-json\/wp\/v2\/tags?post=18370"}],"curies":[{"name":"wp","href":"https:\/\/api.w.org\/{rel}","templated":true}]}}