{"id":18479,"date":"2025-10-07T17:26:17","date_gmt":"2025-10-07T20:26:17","guid":{"rendered":"https:\/\/www.noticiasmas.com.ar\/?p=18479"},"modified":"2025-10-07T17:26:20","modified_gmt":"2025-10-07T20:26:20","slug":"huelga-aceitera-a-nivel-nacional-este-miercoles-no-prospero-la-negociacion-con-las-empresas-por-el-basico-de-2-3-millones-de-pesos","status":"publish","type":"post","link":"https:\/\/www.noticiasmas.com.ar\/index.php\/2025\/10\/07\/huelga-aceitera-a-nivel-nacional-este-miercoles-no-prospero-la-negociacion-con-las-empresas-por-el-basico-de-2-3-millones-de-pesos\/","title":{"rendered":"Huelga aceitera a nivel nacional este mi\u00e9rcoles: No prosper\u00f3 la negociaci\u00f3n con las empresas por el b\u00e1sico de 2.3 millones de pesos"},"content":{"rendered":"\n<p>Ante la falta de avances en la negociaci\u00f3n paritaria, la <strong>Federaci\u00f3n de Trabajadores del Complejo Industrial Oleaginoso, Desmotadores de Algod\u00f3n y Afines de la Rep\u00fablica Argentina (FTCIODyARA)<\/strong> y el <strong>Sindicato de Obreros y Empleados Aceiteros (SOEA) del departamento San Lorenzo<\/strong> anunciaron el inicio de una <strong>huelga nacional<\/strong> a partir de las <strong>6 de la ma\u00f1ana de este mi\u00e9rcoles 8 de octubre<\/strong> en todas las plantas aceiteras del pa\u00eds.<\/p>\n\n\n\n<p>La medida de fuerza fue resuelta tras no alcanzarse un acuerdo en la audiencia desarrollada en la Secretar\u00eda de Trabajo de la Naci\u00f3n, donde \u2014seg\u00fan se\u00f1alaron los gremios\u2014 las c\u00e1maras empresariales presentaron una propuesta \u201cinsuficiente y provocadora\u201d.<\/p>\n\n\n\n<h3 class=\"wp-block-heading\">Reclamo por un salario digno<\/h3>\n\n\n\n<p>El reclamo sindical se fundamenta en el derecho a un <strong>Salario M\u00ednimo, Vital y M\u00f3vil (SMVM)<\/strong> conforme a lo establecido en el <strong>art\u00edculo 14 bis de la Constituci\u00f3n Nacional<\/strong> y el <strong>art\u00edculo 116 de la Ley de Contrato de Trabajo<\/strong>, que debe garantizar la cobertura de necesidades b\u00e1sicas como alimentaci\u00f3n, vivienda, educaci\u00f3n, vestimenta, salud, transporte, esparcimiento, vacaciones y previsi\u00f3n social.<\/p>\n\n\n\n<p>De acuerdo con los estudios elaborados por los gremios sobre la base de la <strong>Encuesta Nacional de Gastos de los Hogares (ENGHo)<\/strong> del <strong>INDEC<\/strong>, el valor del salario m\u00ednimo vital y m\u00f3vil, en los t\u00e9rminos constitucionales y legales, deber\u00eda ser de <strong>$2.344.728<\/strong> para septiembre de 2025, mes en el que se abri\u00f3 la revisi\u00f3n del acuerdo firmado el pasado 9 de abril.<\/p>\n\n\n\n<h3 class=\"wp-block-heading\">\u201cUna respuesta vergonzosa\u201d<\/h3>\n\n\n\n<p>En un comunicado conjunto, los sindicatos calificaron de \u201cvergonzosa\u201d la oferta patronal, especialmente considerando que el sector agroexportador \u201cacaba de recibir un beneficio extraordinario de <strong>1.540 millones de d\u00f3lares<\/strong>\u201d a partir de la reducci\u00f3n de retenciones dispuesta por el Gobierno Nacional.<\/p>\n\n\n\n<p>Asimismo, remarcaron que el <strong>costo laboral del sector se redujo entre 1,7% y 2,4% durante 2024<\/strong>, por lo que incluso con el aumento solicitado, el impacto econ\u00f3mico ser\u00eda \u201cnulo\u201d.<\/p>\n\n\n\n<p>\u201cLas y los trabajadores aceiteros no estamos dispuestos a acompa\u00f1ar una pol\u00edtica salarial que pretende condenarnos a la pobreza, favoreciendo s\u00f3lo a los grandes grupos econ\u00f3micos\u201d, expresaron los gremios.<\/p>\n\n\n\n<p>Con ese argumento, la FTCIODyARA y el SOEA resolvieron <strong>iniciar una huelga nacional aceitero<\/strong> que se cumplir\u00e1 en <strong>todas las plantas del pa\u00eds<\/strong>, en defensa del salario m\u00ednimo vital y m\u00f3vil y del poder adquisitivo de los trabajadores del sector.<\/p>\n","protected":false},"excerpt":{"rendered":"<p>Ante la falta de avances en la negociaci\u00f3n paritaria, la Federaci\u00f3n de Trabajadores del Complejo Industrial Oleaginoso, Desmotadores de Algod\u00f3n y Afines de la Rep\u00fablica Argentina (FTCIODyARA) y el Sindicato de Obreros y Empleados Aceiteros (SOEA) del departamento San Lorenzo anunciaron el inicio de una huelga nacional a partir de las 6 de la ma\u00f1ana [&hellip;]<\/p>\n","protected":false},"author":9,"featured_media":18480,"comment_status":"closed","ping_status":"open","sticky":false,"template":"","format":"standard","meta":{"tdm_status":"","tdm_grid_status":"","footnotes":""},"categories":[1],"tags":[254,2218,54],"class_list":{"0":"post-18479","1":"post","2":"type-post","3":"status-publish","4":"format-standard","5":"has-post-thumbnail","7":"category-nacionales","8":"tag-aceiteros","9":"tag-paro-nacional","10":"tag-soea"},"_links":{"self":[{"href":"https:\/\/www.noticiasmas.com.ar\/index.php\/wp-json\/wp\/v2\/posts\/18479","targetHints":{"allow":["GET"]}}],"collection":[{"href":"https:\/\/www.noticiasmas.com.ar\/index.php\/wp-json\/wp\/v2\/posts"}],"about":[{"href":"https:\/\/www.noticiasmas.com.ar\/index.php\/wp-json\/wp\/v2\/types\/post"}],"author":[{"embeddable":true,"href":"https:\/\/www.noticiasmas.com.ar\/index.php\/wp-json\/wp\/v2\/users\/9"}],"replies":[{"embeddable":true,"href":"https:\/\/www.noticiasmas.com.ar\/index.php\/wp-json\/wp\/v2\/comments?post=18479"}],"version-history":[{"count":1,"href":"https:\/\/www.noticiasmas.com.ar\/index.php\/wp-json\/wp\/v2\/posts\/18479\/revisions"}],"predecessor-version":[{"id":18481,"href":"https:\/\/www.noticiasmas.com.ar\/index.php\/wp-json\/wp\/v2\/posts\/18479\/revisions\/18481"}],"wp:featuredmedia":[{"embeddable":true,"href":"https:\/\/www.noticiasmas.com.ar\/index.php\/wp-json\/wp\/v2\/media\/18480"}],"wp:attachment":[{"href":"https:\/\/www.noticiasmas.com.ar\/index.php\/wp-json\/wp\/v2\/media?parent=18479"}],"wp:term":[{"taxonomy":"category","embeddable":true,"href":"https:\/\/www.noticiasmas.com.ar\/index.php\/wp-json\/wp\/v2\/categories?post=18479"},{"taxonomy":"post_tag","embeddable":true,"href":"https:\/\/www.noticiasmas.com.ar\/index.php\/wp-json\/wp\/v2\/tags?post=18479"}],"curies":[{"name":"wp","href":"https:\/\/api.w.org\/{rel}","templated":true}]}}