{"id":18488,"date":"2025-10-07T17:50:46","date_gmt":"2025-10-07T20:50:46","guid":{"rendered":"https:\/\/www.noticiasmas.com.ar\/?p=18488"},"modified":"2025-10-07T17:50:49","modified_gmt":"2025-10-07T20:50:49","slug":"la-catt-rosario-junto-a-movimientos-sociales-organizan-una-asamblea-con-ollas-populares-este-martes-14-de-octubre-en-plaza-san-martin","status":"publish","type":"post","link":"https:\/\/www.noticiasmas.com.ar\/index.php\/2025\/10\/07\/la-catt-rosario-junto-a-movimientos-sociales-organizan-una-asamblea-con-ollas-populares-este-martes-14-de-octubre-en-plaza-san-martin\/","title":{"rendered":"LA CATT ROSARIO JUNTO A MOVIMIENTOS SOCIALES ORGANIZAN UNA ASAMBLEA CON OLLAS POPULARES ESTE MARTES 14 DE OCTUBRE EN PLAZA SAN MART\u00cdN"},"content":{"rendered":"\n<p>Gremios locales nucleados en la Confederaci\u00f3n Argentina de Trabajadores del Transporte (CATT) junto a organizaciones sociales han organizado una gran movilizaci\u00f3n popular para este martes 14 de octubre.<\/p>\n\n\n\n<p>En ese sentido, se marchara desde distintos barrios de la ciudad para confluir en Plaza San Mart\u00edn donde se cocinaran decenas de ollas populares.<\/p>\n\n\n\n<p>Recordemos que en la CATT confluyen los gremios de transporte: Mar\u00edtimos, Fluviales, Portuarios, Camioneros, Aeron\u00e1uticos, Ferroviarios. Asimismo a la actividad se suman las organizaciones sociales locales.<\/p>\n\n\n\n<p>\u201cSe decidi\u00f3 que, para visibilizar y reclamar respuestas frente al crecimiento del hambre, la desocupaci\u00f3n y la pobreza; la precarizaci\u00f3n laboral; las ollas populares vac\u00edas; y por unas Fiestas sin hambre\u201d, se\u00f1al\u00f3 en un comunicado la CATT local.<\/p>\n\n\n\n<p>\u201cMarcharemos de a pie desde los barrios hasta la plaza San Mart\u00edn, d\u00f3nde se cocinar\u00e1n decenas de ollas populares y se har\u00e1 una gran asamblea Popular\u201d, agregaron.<\/p>\n\n\n\n<p>Preparativos:<\/p>\n\n\n\n<p>Para resolver contenidos y detalles organizativos, se se realizar\u00e1 una nueva reuni\u00f3n con gremios y organizaciones sociales este jueves 10 de octubre a las 10 h0ras en sede del sindicato de Dragado y balizamiento (Dean Funes 1080).<\/p>\n","protected":false},"excerpt":{"rendered":"<p>Gremios locales nucleados en la Confederaci\u00f3n Argentina de Trabajadores del Transporte (CATT) junto a organizaciones sociales han organizado una gran movilizaci\u00f3n popular para este martes 14 de octubre. En ese sentido, se marchara desde distintos barrios de la ciudad para confluir en Plaza San Mart\u00edn donde se cocinaran decenas de ollas populares. Recordemos que en [&hellip;]<\/p>\n","protected":false},"author":5,"featured_media":18489,"comment_status":"closed","ping_status":"open","sticky":false,"template":"","format":"standard","meta":{"tdm_status":"","tdm_grid_status":"","footnotes":""},"categories":[13],"tags":[2214,5605,5604,4953,163],"class_list":{"0":"post-18488","1":"post","2":"type-post","3":"status-publish","4":"format-standard","5":"has-post-thumbnail","7":"category-region","8":"tag-catt","9":"tag-martes-14","10":"tag-movilizacion-popular","11":"tag-organizaciones-sociales","12":"tag-rosario"},"_links":{"self":[{"href":"https:\/\/www.noticiasmas.com.ar\/index.php\/wp-json\/wp\/v2\/posts\/18488","targetHints":{"allow":["GET"]}}],"collection":[{"href":"https:\/\/www.noticiasmas.com.ar\/index.php\/wp-json\/wp\/v2\/posts"}],"about":[{"href":"https:\/\/www.noticiasmas.com.ar\/index.php\/wp-json\/wp\/v2\/types\/post"}],"author":[{"embeddable":true,"href":"https:\/\/www.noticiasmas.com.ar\/index.php\/wp-json\/wp\/v2\/users\/5"}],"replies":[{"embeddable":true,"href":"https:\/\/www.noticiasmas.com.ar\/index.php\/wp-json\/wp\/v2\/comments?post=18488"}],"version-history":[{"count":1,"href":"https:\/\/www.noticiasmas.com.ar\/index.php\/wp-json\/wp\/v2\/posts\/18488\/revisions"}],"predecessor-version":[{"id":18490,"href":"https:\/\/www.noticiasmas.com.ar\/index.php\/wp-json\/wp\/v2\/posts\/18488\/revisions\/18490"}],"wp:featuredmedia":[{"embeddable":true,"href":"https:\/\/www.noticiasmas.com.ar\/index.php\/wp-json\/wp\/v2\/media\/18489"}],"wp:attachment":[{"href":"https:\/\/www.noticiasmas.com.ar\/index.php\/wp-json\/wp\/v2\/media?parent=18488"}],"wp:term":[{"taxonomy":"category","embeddable":true,"href":"https:\/\/www.noticiasmas.com.ar\/index.php\/wp-json\/wp\/v2\/categories?post=18488"},{"taxonomy":"post_tag","embeddable":true,"href":"https:\/\/www.noticiasmas.com.ar\/index.php\/wp-json\/wp\/v2\/tags?post=18488"}],"curies":[{"name":"wp","href":"https:\/\/api.w.org\/{rel}","templated":true}]}}