{"id":18604,"date":"2025-10-14T11:51:42","date_gmt":"2025-10-14T14:51:42","guid":{"rendered":"https:\/\/www.noticiasmas.com.ar\/?p=18604"},"modified":"2025-10-14T11:51:46","modified_gmt":"2025-10-14T14:51:46","slug":"hoy-para-amsafe-pese-a-que-la-provincia-descontara-el-dia","status":"publish","type":"post","link":"https:\/\/www.noticiasmas.com.ar\/index.php\/2025\/10\/14\/hoy-para-amsafe-pese-a-que-la-provincia-descontara-el-dia\/","title":{"rendered":"Hoy para Amsaf\u00e9 pese a que la Provincia descontar\u00e1 el d\u00eda"},"content":{"rendered":"\n<p>Este martes se desarrolla otra jornada nacional de paro docente en reclamo de mejoras salariales. En Rosario los afiliados a Amsaf\u00e9 sumar\u00e1n esa jornada a la medida nacional as\u00ed como los docentes de la Universidad Nacional de Rosario nucleados en la Coad, que decidieron adherir a la convocatoria para este martes realizada por la Confederaci\u00f3n de Trabajadores de la Educaci\u00f3n de la Rep\u00fablica Argentina (Ctera).<\/p>\n\n\n\n<p>Por su parte el gobierno provincial ya anticip\u00f3 que realizar\u00e1 el descuento de la \u201casistencia perfecta\u201d a quienes adhieran a la huelga.<\/p>\n\n\n\n<p>Desde la cartera provincial de Educaci\u00f3n anticiparon que la mayor\u00eda de las escuelas permanecer\u00e1n abiertas para quien quiera asistir, mientras que se les exigir\u00e1 a los docentes que completen una declaraci\u00f3n jurada para justificar su presencia. Quienes no lo hagan tendr\u00e1n el d\u00eda descontado y perder\u00e1n beneficios.<\/p>\n\n\n\n<p>La medida es parte de un plan de lucha m\u00e1s amplio que apunta a revertir pol\u00edticas que consideran perjudiciales para el sistema educativo.<\/p>\n","protected":false},"excerpt":{"rendered":"<p>Este martes se desarrolla otra jornada nacional de paro docente en reclamo de mejoras salariales. En Rosario los afiliados a Amsaf\u00e9 sumar\u00e1n esa jornada a la medida nacional as\u00ed como los docentes de la Universidad Nacional de Rosario nucleados en la Coad, que decidieron adherir a la convocatoria para este martes realizada por la Confederaci\u00f3n [&hellip;]<\/p>\n","protected":false},"author":8,"featured_media":18606,"comment_status":"closed","ping_status":"open","sticky":false,"template":"","format":"standard","meta":{"tdm_status":"","tdm_grid_status":"","footnotes":""},"categories":[8],"tags":[800,149,1743,3913],"class_list":{"0":"post-18604","1":"post","2":"type-post","3":"status-publish","4":"format-standard","5":"has-post-thumbnail","7":"category-politica","8":"tag-amsafe","9":"tag-educacion","10":"tag-paro-docente","11":"tag-reclamo-salarial"},"_links":{"self":[{"href":"https:\/\/www.noticiasmas.com.ar\/index.php\/wp-json\/wp\/v2\/posts\/18604","targetHints":{"allow":["GET"]}}],"collection":[{"href":"https:\/\/www.noticiasmas.com.ar\/index.php\/wp-json\/wp\/v2\/posts"}],"about":[{"href":"https:\/\/www.noticiasmas.com.ar\/index.php\/wp-json\/wp\/v2\/types\/post"}],"author":[{"embeddable":true,"href":"https:\/\/www.noticiasmas.com.ar\/index.php\/wp-json\/wp\/v2\/users\/8"}],"replies":[{"embeddable":true,"href":"https:\/\/www.noticiasmas.com.ar\/index.php\/wp-json\/wp\/v2\/comments?post=18604"}],"version-history":[{"count":1,"href":"https:\/\/www.noticiasmas.com.ar\/index.php\/wp-json\/wp\/v2\/posts\/18604\/revisions"}],"predecessor-version":[{"id":18607,"href":"https:\/\/www.noticiasmas.com.ar\/index.php\/wp-json\/wp\/v2\/posts\/18604\/revisions\/18607"}],"wp:featuredmedia":[{"embeddable":true,"href":"https:\/\/www.noticiasmas.com.ar\/index.php\/wp-json\/wp\/v2\/media\/18606"}],"wp:attachment":[{"href":"https:\/\/www.noticiasmas.com.ar\/index.php\/wp-json\/wp\/v2\/media?parent=18604"}],"wp:term":[{"taxonomy":"category","embeddable":true,"href":"https:\/\/www.noticiasmas.com.ar\/index.php\/wp-json\/wp\/v2\/categories?post=18604"},{"taxonomy":"post_tag","embeddable":true,"href":"https:\/\/www.noticiasmas.com.ar\/index.php\/wp-json\/wp\/v2\/tags?post=18604"}],"curies":[{"name":"wp","href":"https:\/\/api.w.org\/{rel}","templated":true}]}}