{"id":18659,"date":"2025-10-15T20:16:23","date_gmt":"2025-10-15T23:16:23","guid":{"rendered":"https:\/\/www.noticiasmas.com.ar\/?p=18659"},"modified":"2025-10-15T20:16:26","modified_gmt":"2025-10-15T23:16:26","slug":"playa-rio-y-mucho-mas-baigorria-se-posiciona-como-punto-turistico-de-la-region","status":"publish","type":"post","link":"https:\/\/www.noticiasmas.com.ar\/index.php\/2025\/10\/15\/playa-rio-y-mucho-mas-baigorria-se-posiciona-como-punto-turistico-de-la-region\/","title":{"rendered":"Playa, r\u00edo y mucho m\u00e1s: Baigorria se posiciona como punto tur\u00edstico de la regi\u00f3n"},"content":{"rendered":"\n<p>La municipalidad de Granadero Baigorria celebr\u00f3 la adhesi\u00f3n al convenio de Fortalecimiento Tur\u00edstico de la Provincia de Santa Fe. Este acuerdo marca un paso significativo hacia la planificaci\u00f3n y desarrollo de acciones conjuntas para impulsar el turismo en la ciudad, aprovechando su potencial natural y recreativo.<\/p>\n\n\n\n<p>La firma del convenio tuvo lugar en la Reserva Natural de Baigorria, un espacio que destaca por su rica biodiversidad, una hermosa playa y todas las comodidades necesarias para los visitantes. Durante el acto, el intendente Adri\u00e1n Maglia expres\u00f3 su entusiasmo por esta colaboraci\u00f3n con la secretaria de Turismo provincial, Marcela Aeberhard, subrayando la importancia de trabajar en conjunto para \u201cposicionar a Baigorria como un destino tur\u00edstico clave de la regi\u00f3n\u201d.<\/p>\n\n\n\n<p>Es relevante mencionar que la pol\u00edtica tur\u00edstica de Granadero Baigorria se viene consolidando desde el a\u00f1o pasado, y esta nueva acci\u00f3n busca potenciar las iniciativas que ya se han iniciado. \u201cCon la adhesi\u00f3n a este plan, el municipio reafirma su compromiso de desarrollar estrategias que venimos llevando adelante mediante acciones que no solo promuevan el turismo, sino que tambi\u00e9n fortalecen la identidad cultural y natural de la ciudad. Queremos atraer visitantes que descubran lo hermosa que es Granadero Baigorria\u201d, destac\u00f3 Maglia.<\/p>\n\n\n\n<p>La intenci\u00f3n es clara: \u201cConvertir a Granadero Baigorria en un punto de encuentro y visita para toda la regi\u00f3n, donde locales y turistas puedan disfrutar de un entorno natural excepcional y de actividades recreativas diversas\u201d, agreg\u00f3 Maglia.<\/p>\n\n\n\n<p>La secretaria de Turismo Marcela Aeberhard, por su parte, agreg\u00f3: \u201cCuando ven\u00eds al sur de la provincia, a la zona de Rosario, Granadero Baigorria es un paraje obligado: por su r\u00edo, por su playa, por su isla, por sus actividades y especialmente por su gente\u201d.&nbsp;<\/p>\n\n\n\n<p><strong>SOPORTE VIDEO:<\/strong><a href=\"https:\/\/www.instagram.com\/reel\/DPwRdl5jkec\/?utm_source=ig_web_copy_link\" target=\"_blank\" rel=\"noreferrer noopener\">https:\/\/www.instagram.com\/reel\/DPwRdl5jkec\/?utm_source=ig_web_copy_link<\/a><\/p>\n","protected":false},"excerpt":{"rendered":"<p>La municipalidad de Granadero Baigorria celebr\u00f3 la adhesi\u00f3n al convenio de Fortalecimiento Tur\u00edstico de la Provincia de Santa Fe. Este acuerdo marca un paso significativo hacia la planificaci\u00f3n y desarrollo de acciones conjuntas para impulsar el turismo en la ciudad, aprovechando su potencial natural y recreativo. La firma del convenio tuvo lugar en la Reserva [&hellip;]<\/p>\n","protected":false},"author":5,"featured_media":18660,"comment_status":"closed","ping_status":"open","sticky":false,"template":"","format":"standard","meta":{"tdm_status":"","tdm_grid_status":"","footnotes":""},"categories":[13],"tags":[5651,246,5652,441],"class_list":{"0":"post-18659","1":"post","2":"type-post","3":"status-publish","4":"format-standard","5":"has-post-thumbnail","7":"category-region","8":"tag-convenio-con-provincia","9":"tag-granadero-baigorria","10":"tag-playa-y-rio","11":"tag-turismo"},"_links":{"self":[{"href":"https:\/\/www.noticiasmas.com.ar\/index.php\/wp-json\/wp\/v2\/posts\/18659","targetHints":{"allow":["GET"]}}],"collection":[{"href":"https:\/\/www.noticiasmas.com.ar\/index.php\/wp-json\/wp\/v2\/posts"}],"about":[{"href":"https:\/\/www.noticiasmas.com.ar\/index.php\/wp-json\/wp\/v2\/types\/post"}],"author":[{"embeddable":true,"href":"https:\/\/www.noticiasmas.com.ar\/index.php\/wp-json\/wp\/v2\/users\/5"}],"replies":[{"embeddable":true,"href":"https:\/\/www.noticiasmas.com.ar\/index.php\/wp-json\/wp\/v2\/comments?post=18659"}],"version-history":[{"count":1,"href":"https:\/\/www.noticiasmas.com.ar\/index.php\/wp-json\/wp\/v2\/posts\/18659\/revisions"}],"predecessor-version":[{"id":18661,"href":"https:\/\/www.noticiasmas.com.ar\/index.php\/wp-json\/wp\/v2\/posts\/18659\/revisions\/18661"}],"wp:featuredmedia":[{"embeddable":true,"href":"https:\/\/www.noticiasmas.com.ar\/index.php\/wp-json\/wp\/v2\/media\/18660"}],"wp:attachment":[{"href":"https:\/\/www.noticiasmas.com.ar\/index.php\/wp-json\/wp\/v2\/media?parent=18659"}],"wp:term":[{"taxonomy":"category","embeddable":true,"href":"https:\/\/www.noticiasmas.com.ar\/index.php\/wp-json\/wp\/v2\/categories?post=18659"},{"taxonomy":"post_tag","embeddable":true,"href":"https:\/\/www.noticiasmas.com.ar\/index.php\/wp-json\/wp\/v2\/tags?post=18659"}],"curies":[{"name":"wp","href":"https:\/\/api.w.org\/{rel}","templated":true}]}}