{"id":18683,"date":"2025-10-16T15:13:39","date_gmt":"2025-10-16T18:13:39","guid":{"rendered":"https:\/\/www.noticiasmas.com.ar\/?p=18683"},"modified":"2025-10-16T15:13:42","modified_gmt":"2025-10-16T18:13:42","slug":"santa-fe-esta-a-un-paso-de-que-se-dicte-educacion-financiera-en-las-escuelas","status":"publish","type":"post","link":"https:\/\/www.noticiasmas.com.ar\/index.php\/2025\/10\/16\/santa-fe-esta-a-un-paso-de-que-se-dicte-educacion-financiera-en-las-escuelas\/","title":{"rendered":"Santa Fe est\u00e1 a un paso de que se dicte educaci\u00f3n financiera en las escuelas"},"content":{"rendered":"\n<p>La ley que busca implementar en las escuelas secundarias p\u00fablicas y privadas un programa de educaci\u00f3n financiera obligatoria, ya obtuvo media sanci\u00f3n en la C\u00e1mara de Diputados, y ahora est\u00e1 a consideraci\u00f3n del Senado.<\/p>\n\n\n\n<p>La normativa -resultado del consenso entre diversos proyectos presentados por las diputadas Ximena Garc\u00eda, Sonia Martorana y Amalia Granata, y con el acompa\u00f1amiento de otros legisladores- representa un avance en materia de formaci\u00f3n integral para las nuevas generaciones.<\/p>\n\n\n\n<p>Al respecto, la diputada Sof\u00eda Galnares resalt\u00f3: \u201dCuando hablamos de educaci\u00f3n financiera, hablamos de darle a cada joven las herramientas necesarias para que pueda tomar decisiones responsables, reconocer riesgos y oportunidades, y construir su propio futuro con libertad y conocimiento. No se trata solo de n\u00fameros, sino de brindarles una base s\u00f3lida para la vida\u201d.<\/p>\n\n\n\n<p>Pero en la vereda de enfrente, la diputada provincial y ex ministra de Educaci\u00f3n de Santa Fe, Claudia Balagu\u00e9, expuso sus reparos a la iniciativa que los y las estudiantes de la provincia accedan desde temprano a formaci\u00f3n financiera, al entender que la educaci\u00f3n tiene otras prioridades.<\/p>\n\n\n\n<p>La legisladora Socialista explic\u00f3 argument\u00f3: \u201cTenemos m\u00e1s de cien proyectos en la comisi\u00f3n de Educaci\u00f3n sin tratamiento, y el primero que sali\u00f3 fue el de educaci\u00f3n financiera. Tenemos frenados proyectos de ley de educaci\u00f3n t\u00e9cnica, emocional, virtual, de comedores escolares, de cantinas saludables y la propia ley de educaci\u00f3n en la que trabajamos mucho para que se apruebe en alg\u00fan momento en Santa Fe. Somos la \u00fanica provincia del pa\u00eds que no tiene ley de educaci\u00f3n\u201d.<\/p>\n","protected":false},"excerpt":{"rendered":"<p>La ley que busca implementar en las escuelas secundarias p\u00fablicas y privadas un programa de educaci\u00f3n financiera obligatoria, ya obtuvo media sanci\u00f3n en la C\u00e1mara de Diputados, y ahora est\u00e1 a consideraci\u00f3n del Senado. La normativa -resultado del consenso entre diversos proyectos presentados por las diputadas Ximena Garc\u00eda, Sonia Martorana y Amalia Granata, y con [&hellip;]<\/p>\n","protected":false},"author":8,"featured_media":18685,"comment_status":"closed","ping_status":"open","sticky":false,"template":"","format":"standard","meta":{"tdm_status":"","tdm_grid_status":"","footnotes":""},"categories":[14],"tags":[149,1948,5659,18],"class_list":{"0":"post-18683","1":"post","2":"type-post","3":"status-publish","4":"format-standard","5":"has-post-thumbnail","7":"category-provinciales","8":"tag-educacion","9":"tag-escuelas","10":"tag-financiera","11":"tag-santa-fe"},"_links":{"self":[{"href":"https:\/\/www.noticiasmas.com.ar\/index.php\/wp-json\/wp\/v2\/posts\/18683","targetHints":{"allow":["GET"]}}],"collection":[{"href":"https:\/\/www.noticiasmas.com.ar\/index.php\/wp-json\/wp\/v2\/posts"}],"about":[{"href":"https:\/\/www.noticiasmas.com.ar\/index.php\/wp-json\/wp\/v2\/types\/post"}],"author":[{"embeddable":true,"href":"https:\/\/www.noticiasmas.com.ar\/index.php\/wp-json\/wp\/v2\/users\/8"}],"replies":[{"embeddable":true,"href":"https:\/\/www.noticiasmas.com.ar\/index.php\/wp-json\/wp\/v2\/comments?post=18683"}],"version-history":[{"count":1,"href":"https:\/\/www.noticiasmas.com.ar\/index.php\/wp-json\/wp\/v2\/posts\/18683\/revisions"}],"predecessor-version":[{"id":18686,"href":"https:\/\/www.noticiasmas.com.ar\/index.php\/wp-json\/wp\/v2\/posts\/18683\/revisions\/18686"}],"wp:featuredmedia":[{"embeddable":true,"href":"https:\/\/www.noticiasmas.com.ar\/index.php\/wp-json\/wp\/v2\/media\/18685"}],"wp:attachment":[{"href":"https:\/\/www.noticiasmas.com.ar\/index.php\/wp-json\/wp\/v2\/media?parent=18683"}],"wp:term":[{"taxonomy":"category","embeddable":true,"href":"https:\/\/www.noticiasmas.com.ar\/index.php\/wp-json\/wp\/v2\/categories?post=18683"},{"taxonomy":"post_tag","embeddable":true,"href":"https:\/\/www.noticiasmas.com.ar\/index.php\/wp-json\/wp\/v2\/tags?post=18683"}],"curies":[{"name":"wp","href":"https:\/\/api.w.org\/{rel}","templated":true}]}}