{"id":18697,"date":"2025-10-17T07:55:16","date_gmt":"2025-10-17T10:55:16","guid":{"rendered":"https:\/\/www.noticiasmas.com.ar\/?p=18697"},"modified":"2025-10-17T07:55:18","modified_gmt":"2025-10-17T10:55:18","slug":"ate-rosario-exige-el-cierre-de-la-causa-contra-los-cinco-trabajadores-detenidos-hace-un-ano-tras-protestar-contra-la-reforma-previsional","status":"publish","type":"post","link":"https:\/\/www.noticiasmas.com.ar\/index.php\/2025\/10\/17\/ate-rosario-exige-el-cierre-de-la-causa-contra-los-cinco-trabajadores-detenidos-hace-un-ano-tras-protestar-contra-la-reforma-previsional\/","title":{"rendered":"ATE ROSARIO EXIGE EL CIERRE DE LA CAUSA CONTRA LOS CINCO TRABAJADORES DETENIDOS HACE UN A\u00d1O TRAS PROTESTAR CONTRA LA REFORMA PREVISIONAL"},"content":{"rendered":"\n<p><\/p>\n\n\n\n<p>Al cumplirse un a\u00f1o de la detenci\u00f3n de cinco trabajadores que participaron en la protesta contra la <strong>reforma previsional impulsada por el gobernador Maximiliano Pullaro<\/strong> en 2024, la <strong>Asociaci\u00f3n de Trabajadores del Estado (ATE) Rosario<\/strong> volvi\u00f3 a reclamar el <strong>cierre de la causa judicial<\/strong> y el fin de la <strong>criminalizaci\u00f3n de la protesta social<\/strong> en Santa Fe.<\/p>\n\n\n\n<p>Desde el gremio recordaron el <strong>16 de octubre de 2024<\/strong> como \u201cuna fecha muy triste para la democracia argentina y santafesina\u201d. Ese d\u00eda, la polic\u00eda realiz\u00f3 <strong>allanamientos violentos<\/strong> en los domicilios de <strong>Rom\u00e1n Gonz\u00e1lez, Franco Casasola, Diego del Castillo, Maximiliano Molina y Daniel V\u00e1zquez<\/strong>, quienes fueron detenidos e incomunicados por su participaci\u00f3n en la manifestaci\u00f3n gremial del mes anterior.<\/p>\n\n\n\n<h3 class=\"wp-block-heading\">Una movilizaci\u00f3n que termin\u00f3 en represi\u00f3n<\/h3>\n\n\n\n<p>El <strong>12 de septiembre de 2024<\/strong>, frente a la Legislatura provincial, tuvo lugar una multitudinaria movilizaci\u00f3n de distintos gremios que <strong>rechazaban la reforma previsional<\/strong> aprobada ese mismo d\u00eda \u201ca las apuradas\u201d por los diputados provinciales. Seg\u00fan ATE Rosario, la normativa signific\u00f3 <strong>un fuerte retroceso en derechos laborales conquistados tras a\u00f1os de lucha sindical<\/strong>.<\/p>\n\n\n\n<p>Durante los allanamientos, los efectivos policiales <strong>rompieron puertas y secuestraron material gremial<\/strong>, como volantes con la inscripci\u00f3n \u201cSon 30.000\u201d, fichas de afiliaci\u00f3n a AMSAFE Rosario y pecheras sindicales, lo que el gremio calific\u00f3 como <strong>una persecuci\u00f3n pol\u00edtica y sindical manifiesta<\/strong>.<\/p>\n\n\n\n<h3 class=\"wp-block-heading\">Reclamo por justicia<\/h3>\n\n\n\n<p>ATE Rosario denunci\u00f3 adem\u00e1s <strong>abuso de poder policial<\/strong>, al se\u00f1alar que los detenidos fueron tratados como \u201cpresos de alta peligrosidad\u201d y trasladados al <strong>penal de Las Flores<\/strong> en Santa Fe. La r\u00e1pida reacci\u00f3n de los sindicatos, con una <strong>masiva movilizaci\u00f3n en Plaza San Mart\u00edn<\/strong> y un <strong>paro provincial al d\u00eda siguiente<\/strong>, logr\u00f3 la liberaci\u00f3n de los trabajadores el <strong>17 de octubre<\/strong>.<\/p>\n\n\n\n<p>El gremio destac\u00f3 el acompa\u00f1amiento de <strong>Norma R\u00edos<\/strong>, presidenta honoraria de la APDH, y la labor de las abogadas <strong>Gabriela Durruty, Julia Giordano y Celina Tidono<\/strong>, del Ceprodh.<\/p>\n\n\n\n<p>A un a\u00f1o de los hechos, ATE Rosario remarc\u00f3 que la causa <strong>no tuvo avances judiciales<\/strong>, a pesar de las presiones pol\u00edticas. \u201cLa denuncia fue presentada por <strong>Clara Garc\u00eda<\/strong>, presidenta de la C\u00e1mara de Diputados, y avalada por el poder pol\u00edtico provincial\u201d, afirmaron desde el sindicato.<\/p>\n\n\n\n<p>\u201cLo que enfrentamos es un nuevo intento de <strong>criminalizar la protesta social<\/strong> frente a pol\u00edticas de ajuste. Reclamamos el <strong>inmediato cierre de la causa<\/strong> y llamamos a la m\u00e1s amplia unidad para <strong>defender el derecho a manifestarse<\/strong>\u201d, concluyeron desde ATE Rosario.<\/p>\n","protected":false},"excerpt":{"rendered":"<p>Al cumplirse un a\u00f1o de la detenci\u00f3n de cinco trabajadores que participaron en la protesta contra la reforma previsional impulsada por el gobernador Maximiliano Pullaro en 2024, la Asociaci\u00f3n de Trabajadores del Estado (ATE) Rosario volvi\u00f3 a reclamar el cierre de la causa judicial y el fin de la criminalizaci\u00f3n de la protesta social en [&hellip;]<\/p>\n","protected":false},"author":9,"featured_media":18698,"comment_status":"closed","ping_status":"open","sticky":false,"template":"","format":"standard","meta":{"tdm_status":"","tdm_grid_status":"","footnotes":""},"categories":[8],"tags":[897,2959,18],"class_list":{"0":"post-18697","1":"post","2":"type-post","3":"status-publish","4":"format-standard","5":"has-post-thumbnail","7":"category-politica","8":"tag-ate","9":"tag-reforma-previsional","10":"tag-santa-fe"},"_links":{"self":[{"href":"https:\/\/www.noticiasmas.com.ar\/index.php\/wp-json\/wp\/v2\/posts\/18697","targetHints":{"allow":["GET"]}}],"collection":[{"href":"https:\/\/www.noticiasmas.com.ar\/index.php\/wp-json\/wp\/v2\/posts"}],"about":[{"href":"https:\/\/www.noticiasmas.com.ar\/index.php\/wp-json\/wp\/v2\/types\/post"}],"author":[{"embeddable":true,"href":"https:\/\/www.noticiasmas.com.ar\/index.php\/wp-json\/wp\/v2\/users\/9"}],"replies":[{"embeddable":true,"href":"https:\/\/www.noticiasmas.com.ar\/index.php\/wp-json\/wp\/v2\/comments?post=18697"}],"version-history":[{"count":1,"href":"https:\/\/www.noticiasmas.com.ar\/index.php\/wp-json\/wp\/v2\/posts\/18697\/revisions"}],"predecessor-version":[{"id":18699,"href":"https:\/\/www.noticiasmas.com.ar\/index.php\/wp-json\/wp\/v2\/posts\/18697\/revisions\/18699"}],"wp:featuredmedia":[{"embeddable":true,"href":"https:\/\/www.noticiasmas.com.ar\/index.php\/wp-json\/wp\/v2\/media\/18698"}],"wp:attachment":[{"href":"https:\/\/www.noticiasmas.com.ar\/index.php\/wp-json\/wp\/v2\/media?parent=18697"}],"wp:term":[{"taxonomy":"category","embeddable":true,"href":"https:\/\/www.noticiasmas.com.ar\/index.php\/wp-json\/wp\/v2\/categories?post=18697"},{"taxonomy":"post_tag","embeddable":true,"href":"https:\/\/www.noticiasmas.com.ar\/index.php\/wp-json\/wp\/v2\/tags?post=18697"}],"curies":[{"name":"wp","href":"https:\/\/api.w.org\/{rel}","templated":true}]}}