{"id":18739,"date":"2025-10-20T09:59:18","date_gmt":"2025-10-20T12:59:18","guid":{"rendered":"https:\/\/www.noticiasmas.com.ar\/?p=18739"},"modified":"2025-10-20T09:59:22","modified_gmt":"2025-10-20T12:59:22","slug":"fuerte-reclamo-docente-denuncian-que-los-salarios-perdieron-mas-de-un-tercio-de-su-poder-adquisitivo-en-santa-fe","status":"publish","type":"post","link":"https:\/\/www.noticiasmas.com.ar\/index.php\/2025\/10\/20\/fuerte-reclamo-docente-denuncian-que-los-salarios-perdieron-mas-de-un-tercio-de-su-poder-adquisitivo-en-santa-fe\/","title":{"rendered":"Fuerte reclamo docente: denuncian que los salarios perdieron m\u00e1s de un tercio de su poder adquisitivo en Santa Fe"},"content":{"rendered":"\n<p>El gremio docente AMSAFE advirti\u00f3 sobre una \u201cgrave ca\u00edda salarial\u201d que afecta a las y los trabajadores de la educaci\u00f3n en la provincia de Santa Fe. Seg\u00fan un informe elaborado a partir de datos oficiales del Instituto Provincial de Estad\u00edstica y Censos (IPEC), los salarios docentes registran entre un 28% y un 33% de p\u00e9rdida del poder adquisitivo durante la actual gesti\u00f3n provincial y nacional.<\/p>\n\n\n\n<p>De acuerdo al relevamiento, entre enero de 2024 y septiembre de 2025 la inflaci\u00f3n acumulada super\u00f3 el 140%, mientras que los incrementos salariales para el sector docente fueron del 91% en 2024 y apenas del 18% en lo que va de 2025. \u201cEsto implica una p\u00e9rdida real del salario que ya supera un tercio del ingreso mensual\u201d, se\u00f1alaron desde el sindicato.<\/p>\n\n\n\n<p>A esta situaci\u00f3n se suma la eliminaci\u00f3n del Fondo Nacional de Incentivo Docente (FONID), que representaba entre un 7% y un 10% del salario total, adem\u00e1s del incumplimiento por parte del gobierno provincial de la deuda paritaria correspondiente al a\u00f1o 2023.<\/p>\n\n\n\n<p>En un comunicado, AMSAFE expres\u00f3: \u201cDenunciamos la ausencia de voluntad pol\u00edtica de los gobiernos para garantizar salarios dignos, condiciones de vida justas y el reconocimiento del trabajo docente en las aulas. La docencia santafesina est\u00e1 sosteniendo el sistema educativo en un contexto de profundizaci\u00f3n del ajuste\u201d.<\/p>\n\n\n\n<p>El gremio adelant\u00f3 que continuar\u00e1 realizando acciones sindicales en defensa del salario y de la educaci\u00f3n p\u00fablica, aunque no precis\u00f3 a\u00fan nuevas medidas de fuerza.<\/p>\n","protected":false},"excerpt":{"rendered":"<p>El gremio docente AMSAFE advirti\u00f3 sobre una \u201cgrave ca\u00edda salarial\u201d que afecta a las y los trabajadores de la educaci\u00f3n en la provincia de Santa Fe. Seg\u00fan un informe elaborado a partir de datos oficiales del Instituto Provincial de Estad\u00edstica y Censos (IPEC), los salarios docentes registran entre un 28% y un 33% de p\u00e9rdida [&hellip;]<\/p>\n","protected":false},"author":9,"featured_media":18740,"comment_status":"closed","ping_status":"open","sticky":false,"template":"","format":"standard","meta":{"tdm_status":"","tdm_grid_status":"","footnotes":""},"categories":[14],"tags":[798,226],"class_list":{"0":"post-18739","1":"post","2":"type-post","3":"status-publish","4":"format-standard","5":"has-post-thumbnail","7":"category-provinciales","8":"tag-docentes","9":"tag-gremiales"},"_links":{"self":[{"href":"https:\/\/www.noticiasmas.com.ar\/index.php\/wp-json\/wp\/v2\/posts\/18739","targetHints":{"allow":["GET"]}}],"collection":[{"href":"https:\/\/www.noticiasmas.com.ar\/index.php\/wp-json\/wp\/v2\/posts"}],"about":[{"href":"https:\/\/www.noticiasmas.com.ar\/index.php\/wp-json\/wp\/v2\/types\/post"}],"author":[{"embeddable":true,"href":"https:\/\/www.noticiasmas.com.ar\/index.php\/wp-json\/wp\/v2\/users\/9"}],"replies":[{"embeddable":true,"href":"https:\/\/www.noticiasmas.com.ar\/index.php\/wp-json\/wp\/v2\/comments?post=18739"}],"version-history":[{"count":1,"href":"https:\/\/www.noticiasmas.com.ar\/index.php\/wp-json\/wp\/v2\/posts\/18739\/revisions"}],"predecessor-version":[{"id":18741,"href":"https:\/\/www.noticiasmas.com.ar\/index.php\/wp-json\/wp\/v2\/posts\/18739\/revisions\/18741"}],"wp:featuredmedia":[{"embeddable":true,"href":"https:\/\/www.noticiasmas.com.ar\/index.php\/wp-json\/wp\/v2\/media\/18740"}],"wp:attachment":[{"href":"https:\/\/www.noticiasmas.com.ar\/index.php\/wp-json\/wp\/v2\/media?parent=18739"}],"wp:term":[{"taxonomy":"category","embeddable":true,"href":"https:\/\/www.noticiasmas.com.ar\/index.php\/wp-json\/wp\/v2\/categories?post=18739"},{"taxonomy":"post_tag","embeddable":true,"href":"https:\/\/www.noticiasmas.com.ar\/index.php\/wp-json\/wp\/v2\/tags?post=18739"}],"curies":[{"name":"wp","href":"https:\/\/api.w.org\/{rel}","templated":true}]}}