{"id":18742,"date":"2025-10-21T12:10:23","date_gmt":"2025-10-21T15:10:23","guid":{"rendered":"https:\/\/www.noticiasmas.com.ar\/?p=18742"},"modified":"2025-10-21T12:10:25","modified_gmt":"2025-10-21T15:10:25","slug":"vicentin-entre-un-proyecto-nacional-y-el-final-de-la-extranjerizacion-del-comercio-de-granos","status":"publish","type":"post","link":"https:\/\/www.noticiasmas.com.ar\/index.php\/2025\/10\/21\/vicentin-entre-un-proyecto-nacional-y-el-final-de-la-extranjerizacion-del-comercio-de-granos\/","title":{"rendered":"VICENTIN, ENTRE UN PROYECTO NACIONAL Y EL FINAL DE LA EXTRANJERIZACION DEL COMERCIO DE GRANOS"},"content":{"rendered":"\n<p>El 31 de Octubre vence el plazo para la presentaci\u00f3n de ofertas en el proceso de crawdon para el salvataje de la empresa Vicentin.<\/p>\n\n\n\n<p>Hasta el momento se han presentado tres ofertas, la primera del Grupo Grassi, hist\u00f3rico y reconocido corredor de cerealero argentino, adem\u00e1s de ser uno de los principales acreedores de la fallida empresa.<\/p>\n\n\n\n<p>Tambi\u00e9n han formalizado las suyas, Louis Dreyfus (LDC) y Molinos Agro, resta conocer si Bunge otro gigante del negocio har\u00e1 llegar su propuesta, antes de que cierre el plazo estipulado por el juez Lorenzini.<\/p>\n\n\n\n<p>Resulta aburrido, extendernos en el detalle de las diferentes ofertas, situaci\u00f3n que dejamos en manos los t\u00e9cnicos entendidos en estos t\u00f3picos.<\/p>\n\n\n\n<p>La mayor\u00eda de los pa\u00edses del mundo protegen y defienden sus recursos estrat\u00e9gicos como herramienta para el desarrollo y la defensa de sus t\u00e9rminos de intercambio en un mundo globalizado.<\/p>\n\n\n\n<p>Podemos citar el caso de Chile, primer exportador mundial de cobre, que sigue en manos estatales, luego de la dictadura de Pinochet que nunca lo privatiz\u00f3, m\u00e1s all\u00e1 de haber entregado el resto de los recursos a pocas manos en su mayor\u00eda extranjeros.<\/p>\n\n\n\n<p>La discusi\u00f3n de fondo gira alrededor de qui\u00e9n o quienes ser\u00e1n los nuevos due\u00f1os de Vicentin, con la mirada puesta como plante\u00e1bamos m\u00e1s arriba, en uno de los pocos recursos estrat\u00e9gicos competitivos que tiene la Argentina respecto del resto del mundo.<\/p>\n\n\n\n<p>Por el volumen y los activos de la empresa, su destino terminar\u00e1 por definir el arbitrio definitivo del comercio de granos.<\/p>\n\n\n\n<p>Si cualquiera de las compa\u00f1\u00edas extranjeras oferentes con su oferta resultara ganadora, el negocio quedar\u00eda en manos extranjeras, con un par de empresas nacionales de menor valor en absoluta desventaja.<\/p>\n\n\n\n<p>Para muestra basta un bot\u00f3n, con solo repasar los grupos que se beneficiaron con la liquidaci\u00f3n anticipada de los 7000 millones de d\u00f3lares que dispuso Luis \u201cbicicleta\u201d Caputo, veremos que Aceitera General Deheza, del grupo Urqu\u00eda, pudo \u201cmeter\u201d 246 millones de d\u00f3lares en \u00f3rdenes, menos del 5% del total timbeado, el resto qued\u00f3 mayormente en manos chinas, americanas y europeas.<\/p>\n\n\n\n<p>Adem\u00e1s es un secreto a voces, que la suiza Viterra cambiar\u00eda de manos, m\u00e1s espec\u00edficamente ser\u00eda el Grupo Bunge quien se quedar\u00eda con los activos.<\/p>\n\n\n\n<p>En s\u00edntesis, el futuro de Vicentin no es solo el salvataje de una fallida empresa, sino tambi\u00e9n la \u00faltima oportunidad de lograr un m\u00ednimo equilibrio en el comercio nacional de granos y sus derivados.<\/p>\n\n\n\n<p>Un nuevo due\u00f1o con nombre propio nacional traer\u00eda algo m\u00e1s de equilibrio para un commodity estrat\u00e9gico, imprescindible para el desarrollo nacional.<\/p>\n\n\n\n<p>La extranjerizaci\u00f3n absoluta del comercio de granos ser\u00eda el \u00faltimo \u201ctiro en el pie\u201d que la Argentina permitir\u00eda, sin medir consecuencias, en medio de una guerra comercial y pol\u00edtica entre EEUU y China, adem\u00e1s de la entrega del destino argentino al gigante del norte.<\/p>\n","protected":false},"excerpt":{"rendered":"<p>El 31 de Octubre vence el plazo para la presentaci\u00f3n de ofertas en el proceso de crawdon para el salvataje de la empresa Vicentin. Hasta el momento se han presentado tres ofertas, la primera del Grupo Grassi, hist\u00f3rico y reconocido corredor de cerealero argentino, adem\u00e1s de ser uno de los principales acreedores de la fallida [&hellip;]<\/p>\n","protected":false},"author":9,"featured_media":18500,"comment_status":"closed","ping_status":"open","sticky":false,"template":"","format":"standard","meta":{"tdm_status":"","tdm_grid_status":"","footnotes":""},"categories":[14],"tags":[5674,33,5675,821],"class_list":{"0":"post-18742","1":"post","2":"type-post","3":"status-publish","4":"format-standard","5":"has-post-thumbnail","7":"category-provinciales","8":"tag-cramdown","9":"tag-granos","10":"tag-proceso-judicial","11":"tag-vicentin"},"_links":{"self":[{"href":"https:\/\/www.noticiasmas.com.ar\/index.php\/wp-json\/wp\/v2\/posts\/18742","targetHints":{"allow":["GET"]}}],"collection":[{"href":"https:\/\/www.noticiasmas.com.ar\/index.php\/wp-json\/wp\/v2\/posts"}],"about":[{"href":"https:\/\/www.noticiasmas.com.ar\/index.php\/wp-json\/wp\/v2\/types\/post"}],"author":[{"embeddable":true,"href":"https:\/\/www.noticiasmas.com.ar\/index.php\/wp-json\/wp\/v2\/users\/9"}],"replies":[{"embeddable":true,"href":"https:\/\/www.noticiasmas.com.ar\/index.php\/wp-json\/wp\/v2\/comments?post=18742"}],"version-history":[{"count":1,"href":"https:\/\/www.noticiasmas.com.ar\/index.php\/wp-json\/wp\/v2\/posts\/18742\/revisions"}],"predecessor-version":[{"id":18743,"href":"https:\/\/www.noticiasmas.com.ar\/index.php\/wp-json\/wp\/v2\/posts\/18742\/revisions\/18743"}],"wp:featuredmedia":[{"embeddable":true,"href":"https:\/\/www.noticiasmas.com.ar\/index.php\/wp-json\/wp\/v2\/media\/18500"}],"wp:attachment":[{"href":"https:\/\/www.noticiasmas.com.ar\/index.php\/wp-json\/wp\/v2\/media?parent=18742"}],"wp:term":[{"taxonomy":"category","embeddable":true,"href":"https:\/\/www.noticiasmas.com.ar\/index.php\/wp-json\/wp\/v2\/categories?post=18742"},{"taxonomy":"post_tag","embeddable":true,"href":"https:\/\/www.noticiasmas.com.ar\/index.php\/wp-json\/wp\/v2\/tags?post=18742"}],"curies":[{"name":"wp","href":"https:\/\/api.w.org\/{rel}","templated":true}]}}