{"id":18770,"date":"2025-10-21T18:24:02","date_gmt":"2025-10-21T21:24:02","guid":{"rendered":"https:\/\/www.noticiasmas.com.ar\/?p=18770"},"modified":"2025-10-21T18:24:06","modified_gmt":"2025-10-21T21:24:06","slug":"psm-futbol-presento-el-cuerpo-tecnico-para-el-torneo-federal","status":"publish","type":"post","link":"https:\/\/www.noticiasmas.com.ar\/index.php\/2025\/10\/21\/psm-futbol-presento-el-cuerpo-tecnico-para-el-torneo-federal\/","title":{"rendered":"PSM F\u00fatbol present\u00f3 el cuerpo t\u00e9cnico para el torneo federal"},"content":{"rendered":"\n<p>El cuerpo t\u00e9cnico de PSM dio una charla sobre su debut en el torneo regional federal amateur. Competencia en la cual participaran 333 equipos y que otorgar\u00e1 4 ascensos al Federal A, tercera divisi\u00f3n del f\u00fatbol argentino. Ser\u00e1 el pr\u00f3ximo domingo 2 de noviembre en su estadio.<\/p>\n\n\n\n<p>El d\u00eda martes 14, el nuevo DT de PSM, Dami\u00e1n Pennesi, junto a sus ayudantes de campo Lucas Gait\u00e1n y Ezequiel Br\u00edtez, brindaron una conferencia de prensa en el sal\u00f3n de usos m\u00faltiples del Complejo Polideportivo Municipal de la ciudad de Puerto General San Mart\u00edn.<\/p>\n\n\n\n<p>En la mesa de los protagonistas se sentaron tambi\u00e9n el Presidente del Honorable Concejo Municipal, Juan Manuel De Grandis; el director de deportes, Gustavo Rojas, el presidente de la liga regional Sanlorencina, Gabriel N\u00fa\u00f1ez, el coordinador de inferiores de PSM y exjugador de Rosario Central, Marcelo \u201cPicote\u201d Trivisonno y Daniel Herrera, en representaci\u00f3n a la instituci\u00f3n que preside C\u00e9sar De Grandis.<\/p>\n\n\n\n<p>Dami\u00e1n Pennesi, repas\u00f3 su carrera de 20 a\u00f1os c\u00f3mo DT, ayudante de campo y analista de videos en clubes c\u00f3mo por Antofagasta (Chile), Defensa y Justicia, Newell\u2019s y ADIUR, donde pas\u00f3 m\u00e1s de una d\u00e9cada. \u201cMe form\u00e9 ah\u00ed, pas\u00e9 por todos los roles. Hoy tengo una expectativa muy grande por lo que podemos hacer en este torneo\u201d, expres\u00f3 Pennesi<\/p>\n\n\n\n<figure class=\"wp-block-image size-large\"><img loading=\"lazy\" decoding=\"async\" width=\"1024\" height=\"683\" src=\"https:\/\/www.noticiasmas.com.ar\/wp-content\/uploads\/2025\/10\/PSM-Futbol-DT-1024x683.jpg\" alt=\"\" class=\"wp-image-18771\" srcset=\"https:\/\/www.noticiasmas.com.ar\/wp-content\/uploads\/2025\/10\/PSM-Futbol-DT-1024x683.jpg 1024w, https:\/\/www.noticiasmas.com.ar\/wp-content\/uploads\/2025\/10\/PSM-Futbol-DT-300x200.jpg 300w, https:\/\/www.noticiasmas.com.ar\/wp-content\/uploads\/2025\/10\/PSM-Futbol-DT-768x512.jpg 768w, https:\/\/www.noticiasmas.com.ar\/wp-content\/uploads\/2025\/10\/PSM-Futbol-DT-150x100.jpg 150w, https:\/\/www.noticiasmas.com.ar\/wp-content\/uploads\/2025\/10\/PSM-Futbol-DT-696x464.jpg 696w, https:\/\/www.noticiasmas.com.ar\/wp-content\/uploads\/2025\/10\/PSM-Futbol-DT-1068x712.jpg 1068w, https:\/\/www.noticiasmas.com.ar\/wp-content\/uploads\/2025\/10\/PSM-Futbol-DT.jpg 1200w\" sizes=\"auto, (max-width: 1024px) 100vw, 1024px\" \/><\/figure>\n\n\n\n<p>PSM integrar\u00e1 la zona 10 de la Regi\u00f3n Litoral Sur, junto a Coronel Aguirre (Villa Gobernador G\u00e1lvez) y Uni\u00f3n (\u00c1lvarez), ambos se enfrentar\u00e1n entre s\u00ed este Domingo en el debut. \u201cVamos a ir a ver ese partido, obvio. Conozco a ambos equipos, los he enfrentado muchas veces. Son duros y se hacen fuertes de local\u201d, anticip\u00f3 Pennesi, qui\u00e9n tiene tiempo hasta el viernes para presentar la lista de buena fe de 40 futbolistas. \u201cHay chicos de reserva de la 1ra de PSM; otros jugadores de la zona, y los 12 que llegaron desde Argentino de Rosario\u201d. Cerr\u00f3 el DT<\/p>\n\n\n\n<p>\u201cQueremos que a PSM lo sigan todos\u201d<\/p>\n\n\n\n<p>As\u00ed se expres\u00f3 el Concejal, Juan Manuel De Grandis: \u201cNo importa de qu\u00e9 club son hinchas. A Puerto hay que quererlo. Para la gesti\u00f3n del intendente Carlos De Grandis, el deporte y la educaci\u00f3n son pilares desde siempre\u201d.<\/p>\n\n\n\n<p>A su turno, Gabriel N\u00fa\u00f1ez subray\u00f3: \u201cEl apoyo de la Liga Sanlorencina es total. Cuando surgi\u00f3 la posibilidad de gestionar la licencia deportiva, no lo dud\u00e9. Que haya equipos en torneos nacionales fortalece a toda la liga\u201d.<\/p>\n\n\n\n<p>\u201cPicote\u201d Trivisonno resalt\u00f3 la importancia de participar en el torneo federal: \u201cJugar el Federal Amateur es beneficioso para el plantel y las formativas. PSM tiene una infraestructura que no envidia a nadie\u201d. En tanto, Gustavo Rojas agreg\u00f3: \u201cCon la buena actualidad de Mat\u00edas Perell\u00f3 (delantero de Central C\u00f3rdoba nacido en Puerto), todos hablan de la ciudad. El Federal puede abrirle puertas a m\u00e1s jugadores.<\/p>\n","protected":false},"excerpt":{"rendered":"<p>El cuerpo t\u00e9cnico de PSM dio una charla sobre su debut en el torneo regional federal amateur. Competencia en la cual participaran 333 equipos y que otorgar\u00e1 4 ascensos al Federal A, tercera divisi\u00f3n del f\u00fatbol argentino. Ser\u00e1 el pr\u00f3ximo domingo 2 de noviembre en su estadio. El d\u00eda martes 14, el nuevo DT de [&hellip;]<\/p>\n","protected":false},"author":5,"featured_media":18772,"comment_status":"closed","ping_status":"open","sticky":false,"template":"","format":"standard","meta":{"tdm_status":"","tdm_grid_status":"","footnotes":""},"categories":[10,13],"tags":[5682,153,52,3385],"class_list":{"0":"post-18770","1":"post","2":"type-post","3":"status-publish","4":"format-standard","5":"has-post-thumbnail","7":"category-deportes","8":"category-region","9":"tag-cuerpo-tecnico","10":"tag-psm-futbol","11":"tag-puerto-san-martin","12":"tag-torneo-federal-amateur"},"_links":{"self":[{"href":"https:\/\/www.noticiasmas.com.ar\/index.php\/wp-json\/wp\/v2\/posts\/18770","targetHints":{"allow":["GET"]}}],"collection":[{"href":"https:\/\/www.noticiasmas.com.ar\/index.php\/wp-json\/wp\/v2\/posts"}],"about":[{"href":"https:\/\/www.noticiasmas.com.ar\/index.php\/wp-json\/wp\/v2\/types\/post"}],"author":[{"embeddable":true,"href":"https:\/\/www.noticiasmas.com.ar\/index.php\/wp-json\/wp\/v2\/users\/5"}],"replies":[{"embeddable":true,"href":"https:\/\/www.noticiasmas.com.ar\/index.php\/wp-json\/wp\/v2\/comments?post=18770"}],"version-history":[{"count":1,"href":"https:\/\/www.noticiasmas.com.ar\/index.php\/wp-json\/wp\/v2\/posts\/18770\/revisions"}],"predecessor-version":[{"id":18773,"href":"https:\/\/www.noticiasmas.com.ar\/index.php\/wp-json\/wp\/v2\/posts\/18770\/revisions\/18773"}],"wp:featuredmedia":[{"embeddable":true,"href":"https:\/\/www.noticiasmas.com.ar\/index.php\/wp-json\/wp\/v2\/media\/18772"}],"wp:attachment":[{"href":"https:\/\/www.noticiasmas.com.ar\/index.php\/wp-json\/wp\/v2\/media?parent=18770"}],"wp:term":[{"taxonomy":"category","embeddable":true,"href":"https:\/\/www.noticiasmas.com.ar\/index.php\/wp-json\/wp\/v2\/categories?post=18770"},{"taxonomy":"post_tag","embeddable":true,"href":"https:\/\/www.noticiasmas.com.ar\/index.php\/wp-json\/wp\/v2\/tags?post=18770"}],"curies":[{"name":"wp","href":"https:\/\/api.w.org\/{rel}","templated":true}]}}