{"id":18826,"date":"2025-10-23T09:04:12","date_gmt":"2025-10-23T12:04:12","guid":{"rendered":"https:\/\/www.noticiasmas.com.ar\/?p=18826"},"modified":"2025-10-23T09:04:16","modified_gmt":"2025-10-23T12:04:16","slug":"la-intersindical-marcha-esta-tarde-contra-la-llegada-de-milei-a-rosario","status":"publish","type":"post","link":"https:\/\/www.noticiasmas.com.ar\/index.php\/2025\/10\/23\/la-intersindical-marcha-esta-tarde-contra-la-llegada-de-milei-a-rosario\/","title":{"rendered":"La intersindical marcha esta tarde contra la llegada de Milei a Rosario"},"content":{"rendered":"\n<p>Embanderados en la consigna \u201cpersona no grata\u201d, la Confederaci\u00f3n de Trabajadores del Transporte, el sindicato de recolectores, Camioneros y diversas organizaciones sociales marchar\u00e1n esta tarde por el centro de Rosario en repudio de la visita del presidente Javier Milei, quien llega a la ciudad para cerrar la campa\u00f1a de La Libertad Avanza. La convocatoria es para las 17.30 en la esquina de Tucum\u00e1n y Mitre, para luego dirigirse hacia el parque Espa\u00f1a.<\/p>\n\n\n\n<p>El mandatario llega a Rosario para acompa\u00f1ar a su primer candidato a diputado nacional Agust\u00edn Pellegrini. Tras este anuncio, el intendente Pablo Javkin \u201capel\u00f3 a los rosarinos y rosarinas\u201d para evitar &#8220;provocaciones&#8221;, tanto de simpatizantes libertarios como de opositores.<\/p>\n\n\n\n<p>En un comunicado, las organizaciones convocantes destacaron: \u201cDurante estos a\u00f1os y bajo este Gobierno nacional, el pueblo ha sufrido un constante e incesante maltrato, psicol\u00f3gico, econ\u00f3mico y pol\u00edtico, junto a gobernadores que ahora tratan de despegarse, pero a la hora de apoyar no han dudado ni dudan en hacer levantar las manos a sus legisladores, sin importarles, jubilados, educaci\u00f3n ni discapacidad\u201d.<\/p>\n\n\n\n<p>El escrito expresa: \u201cSabiendo su intenci\u00f3n de visitar nuestra ciudad en apoyo a sus secuaces de LLA, hacemos saber que esta Confederaci\u00f3n vuelve a declararlo persona no grata y que ante su presencia nos movilizaremos y llevaremos adelante toda acci\u00f3n necesaria contra este gobierno insensible, mentiroso, ladr\u00f3n y vendepatria\u201d.<\/p>\n","protected":false},"excerpt":{"rendered":"<p>Embanderados en la consigna \u201cpersona no grata\u201d, la Confederaci\u00f3n de Trabajadores del Transporte, el sindicato de recolectores, Camioneros y diversas organizaciones sociales marchar\u00e1n esta tarde por el centro de Rosario en repudio de la visita del presidente Javier Milei, quien llega a la ciudad para cerrar la campa\u00f1a de La Libertad Avanza. La convocatoria es [&hellip;]<\/p>\n","protected":false},"author":8,"featured_media":18828,"comment_status":"closed","ping_status":"open","sticky":false,"template":"","format":"standard","meta":{"tdm_status":"","tdm_grid_status":"","footnotes":""},"categories":[8],"tags":[2817,528,102,163],"class_list":{"0":"post-18826","1":"post","2":"type-post","3":"status-publish","4":"format-standard","5":"has-post-thumbnail","7":"category-politica","8":"tag-campana","9":"tag-marcha","10":"tag-milei","11":"tag-rosario"},"_links":{"self":[{"href":"https:\/\/www.noticiasmas.com.ar\/index.php\/wp-json\/wp\/v2\/posts\/18826","targetHints":{"allow":["GET"]}}],"collection":[{"href":"https:\/\/www.noticiasmas.com.ar\/index.php\/wp-json\/wp\/v2\/posts"}],"about":[{"href":"https:\/\/www.noticiasmas.com.ar\/index.php\/wp-json\/wp\/v2\/types\/post"}],"author":[{"embeddable":true,"href":"https:\/\/www.noticiasmas.com.ar\/index.php\/wp-json\/wp\/v2\/users\/8"}],"replies":[{"embeddable":true,"href":"https:\/\/www.noticiasmas.com.ar\/index.php\/wp-json\/wp\/v2\/comments?post=18826"}],"version-history":[{"count":1,"href":"https:\/\/www.noticiasmas.com.ar\/index.php\/wp-json\/wp\/v2\/posts\/18826\/revisions"}],"predecessor-version":[{"id":18829,"href":"https:\/\/www.noticiasmas.com.ar\/index.php\/wp-json\/wp\/v2\/posts\/18826\/revisions\/18829"}],"wp:featuredmedia":[{"embeddable":true,"href":"https:\/\/www.noticiasmas.com.ar\/index.php\/wp-json\/wp\/v2\/media\/18828"}],"wp:attachment":[{"href":"https:\/\/www.noticiasmas.com.ar\/index.php\/wp-json\/wp\/v2\/media?parent=18826"}],"wp:term":[{"taxonomy":"category","embeddable":true,"href":"https:\/\/www.noticiasmas.com.ar\/index.php\/wp-json\/wp\/v2\/categories?post=18826"},{"taxonomy":"post_tag","embeddable":true,"href":"https:\/\/www.noticiasmas.com.ar\/index.php\/wp-json\/wp\/v2\/tags?post=18826"}],"curies":[{"name":"wp","href":"https:\/\/api.w.org\/{rel}","templated":true}]}}