{"id":18893,"date":"2025-10-26T22:50:54","date_gmt":"2025-10-27T01:50:54","guid":{"rendered":"https:\/\/www.noticiasmas.com.ar\/?p=18893"},"modified":"2025-10-26T22:50:56","modified_gmt":"2025-10-27T01:50:56","slug":"pullaro-perdio-700-mil-votos-en-2-anos","status":"publish","type":"post","link":"https:\/\/www.noticiasmas.com.ar\/index.php\/2025\/10\/26\/pullaro-perdio-700-mil-votos-en-2-anos\/","title":{"rendered":"Pullaro perdi\u00f3 700 mil votos en 2 a\u00f1os"},"content":{"rendered":"\n<p>El gobernador Maximiliano Pullaro sali\u00f3 a dar la cara de una derrota que desinfla sus aspiraciones presidenciales y pone en duda la calidad de su mandato en una provincia de Santa Fe que le dio la espalda en estas elecciones legislativas, quedando c\u00f3modamente tercero y con solo dos bancas en diputados, ninguna de ellas para el radicalismo.<\/p>\n\n\n\n<p>&#8220;Hicimos una elecci\u00f3n que hist\u00f3ricamente fue muy dif\u00edcil para Santa Fe. Cuando nuestra provincia compet\u00eda a nivel nacional siempre sacaba un s\u00f3lo diputado. <strong>Hoy tenemos dos y eso es bueno<\/strong>&#8220;, dijo el gobernador en un discurso ya derrotado y autoconvenci\u00e9ndose de que el triunfo fue derrotar a un kirchnerismo fragmentado y con referentes vinculados a otros espacios.&nbsp;<\/p>\n\n\n\n<p>La realidad, lejos de cualquier an\u00e1lisis de la actualidad, es que el gobernador que fue contundentemente elegido por los y las santafesinos y santafesinas en 2023 con <strong>1.031.964 votos<\/strong>, lo que represent\u00f3 aproximadamente <strong>55,71 %<\/strong> del total, este domingo obtuvo 306.683, unos 725.271 menos en solamente 24 meses.&nbsp;<\/p>\n\n\n\n<p>Ya en las convencionales constituyentes el gobernador se adjudic\u00f3 un triunfo que ten\u00eda una importante p\u00e9rdida de voluntades, cuando en los comicios provinciales logr\u00f3 495.115 votos, menos de la mitad de lo obtenido en las generales que lo elevaron como mandatario.<\/p>\n\n\n\n<p>En esta oportunidad, Pullaro apost\u00f3 por su vicegobernadora, mujer que represent\u00f3 al hist\u00f3rico PRO de Mauricio Macri, y puso segundo a Pablo Far\u00edas, hombre vinculado al Frente Progresista. Melina Giorgi, la tercera y primera radical en la lista, qued\u00f3 fuera del Congreso, dejando as\u00ed a su espacio pol\u00edtico, que le sostuvo desde cemento su campa\u00f1a, sin representaci\u00f3n por la provincia a nivel nacional.<\/p>\n\n\n\n<p>Para peor, este resultado pone en duda su legitimidad de cara a unas posibles elecciones presidenciales con Provincias Unidas, espacio que conform\u00f3 en vistas al proceso electoral de 2027. Y en Santa Fe, un desempe\u00f1o como el de hoy lo deja lejos de una posible reelecci\u00f3n.<\/p>\n","protected":false},"excerpt":{"rendered":"<p>El gobernador Maximiliano Pullaro sali\u00f3 a dar la cara de una derrota que desinfla sus aspiraciones presidenciales y pone en duda la calidad de su mandato en una provincia de Santa Fe que le dio la espalda en estas elecciones legislativas, quedando c\u00f3modamente tercero y con solo dos bancas en diputados, ninguna de ellas para [&hellip;]<\/p>\n","protected":false},"author":9,"featured_media":18894,"comment_status":"closed","ping_status":"open","sticky":false,"template":"","format":"standard","meta":{"tdm_status":"","tdm_grid_status":"","footnotes":""},"categories":[14],"tags":[355,218,2248,36],"class_list":{"0":"post-18893","1":"post","2":"type-post","3":"status-publish","4":"format-standard","5":"has-post-thumbnail","7":"category-provinciales","8":"tag-elecciones","9":"tag-nacionales","10":"tag-provinciales","11":"tag-pullaro"},"_links":{"self":[{"href":"https:\/\/www.noticiasmas.com.ar\/index.php\/wp-json\/wp\/v2\/posts\/18893","targetHints":{"allow":["GET"]}}],"collection":[{"href":"https:\/\/www.noticiasmas.com.ar\/index.php\/wp-json\/wp\/v2\/posts"}],"about":[{"href":"https:\/\/www.noticiasmas.com.ar\/index.php\/wp-json\/wp\/v2\/types\/post"}],"author":[{"embeddable":true,"href":"https:\/\/www.noticiasmas.com.ar\/index.php\/wp-json\/wp\/v2\/users\/9"}],"replies":[{"embeddable":true,"href":"https:\/\/www.noticiasmas.com.ar\/index.php\/wp-json\/wp\/v2\/comments?post=18893"}],"version-history":[{"count":1,"href":"https:\/\/www.noticiasmas.com.ar\/index.php\/wp-json\/wp\/v2\/posts\/18893\/revisions"}],"predecessor-version":[{"id":18895,"href":"https:\/\/www.noticiasmas.com.ar\/index.php\/wp-json\/wp\/v2\/posts\/18893\/revisions\/18895"}],"wp:featuredmedia":[{"embeddable":true,"href":"https:\/\/www.noticiasmas.com.ar\/index.php\/wp-json\/wp\/v2\/media\/18894"}],"wp:attachment":[{"href":"https:\/\/www.noticiasmas.com.ar\/index.php\/wp-json\/wp\/v2\/media?parent=18893"}],"wp:term":[{"taxonomy":"category","embeddable":true,"href":"https:\/\/www.noticiasmas.com.ar\/index.php\/wp-json\/wp\/v2\/categories?post=18893"},{"taxonomy":"post_tag","embeddable":true,"href":"https:\/\/www.noticiasmas.com.ar\/index.php\/wp-json\/wp\/v2\/tags?post=18893"}],"curies":[{"name":"wp","href":"https:\/\/api.w.org\/{rel}","templated":true}]}}