{"id":18909,"date":"2025-10-27T12:02:59","date_gmt":"2025-10-27T15:02:59","guid":{"rendered":"https:\/\/www.noticiasmas.com.ar\/?p=18909"},"modified":"2025-10-27T12:03:04","modified_gmt":"2025-10-27T15:03:04","slug":"trump-se-subio-a-la-ola-violeta-y-felicito-a-milei-por-el-triunfo-electoral","status":"publish","type":"post","link":"https:\/\/www.noticiasmas.com.ar\/index.php\/2025\/10\/27\/trump-se-subio-a-la-ola-violeta-y-felicito-a-milei-por-el-triunfo-electoral\/","title":{"rendered":"Trump se subi\u00f3 a la ola violeta y felicit\u00f3 a Milei por el triunfo electoral"},"content":{"rendered":"\n<p>Tras el triunfo del oficialismo en las elecciones legislativas, el presidente de Estados Unidos, Donald Trump, reafirm\u00f3 este lunes su respaldo a su par argentino, Javier Milei, destacando que los resultados confirman la confianza depositada en el mandatario.<\/p>\n\n\n\n<p>\u201cNuestra confianza en \u00e9l qued\u00f3 justificada por el pueblo de Argentina\u201d, expres\u00f3 el mandatario norteamericano a trav\u00e9s de sus redes sociales.<\/p>\n\n\n\n<p>El exempresario y actual jefe de Estado public\u00f3 un mensaje en Truth Social, en el que felicit\u00f3 al l\u00edder de La Libertad Avanza (LLA) y asegur\u00f3 que su apoyo result\u00f3 determinante durante la etapa final de la campa\u00f1a.<\/p>\n\n\n\n<p>\u201cGran victoria en Argentina para Milei, un maravilloso candidato impulsado por Trump\u201d, escribi\u00f3.<\/p>\n\n\n\n<p>Si bien Milei no figuraba en la boleta \u00fanica de papel (BUP), Trump interpret\u00f3 el resultado electoral como un respaldo a la gesti\u00f3n del actual gobierno argentino.<\/p>\n\n\n\n<p>El presidente estadounidense manifest\u00f3 su satisfacci\u00f3n por el desempe\u00f1o electoral del oficialismo y destac\u00f3 el impacto positivo de la figura de Milei en el escenario internacional:<\/p>\n\n\n\n<p>\u201cNos est\u00e1 dejando bien parados a todos\u201d, afirm\u00f3.<\/p>\n\n\n\n<p>En publicaciones anteriores, Trump ya hab\u00eda elogiado la gesti\u00f3n del l\u00edder libertario, se\u00f1alando que \u201cest\u00e1 haciendo un trabajo maravilloso\u201d. Este nuevo gesto refuerza la sinton\u00eda pol\u00edtica entre ambos mandatarios, en el marco del reciente acuerdo de swap por 20.000 millones de d\u00f3lares.<\/p>\n\n\n\n<p>Por su parte, Milei respondi\u00f3 al mensaje desde la misma red social, agradeciendo el respaldo de su par estadounidense:<\/p>\n\n\n\n<p>\u201cGracias, presidente, por confiar en el pueblo argentino. Usted es un gran amigo de la Rep\u00fablica Argentina\u201d, expres\u00f3.<\/p>\n\n\n\n<p>El presidente argentino subray\u00f3 que ambos pueblos \u201cquieren vivir en libertad\u201d y sostuvo que Argentina y Estados Unidos nunca debieron dejar de ser aliados. En ese sentido, concluy\u00f3:<\/p>\n\n\n\n<p>\u201cCuente conmigo para dar la batalla por la civilizaci\u00f3n occidental, que logr\u00f3 sacar de la pobreza a m\u00e1s del 90% de la poblaci\u00f3n mundial.\u201d<\/p>\n","protected":false},"excerpt":{"rendered":"<p>Tras el triunfo del oficialismo en las elecciones legislativas, el presidente de Estados Unidos, Donald Trump, reafirm\u00f3 este lunes su respaldo a su par argentino, Javier Milei, destacando que los resultados confirman la confianza depositada en el mandatario. \u201cNuestra confianza en \u00e9l qued\u00f3 justificada por el pueblo de Argentina\u201d, expres\u00f3 el mandatario norteamericano a trav\u00e9s [&hellip;]<\/p>\n","protected":false},"author":8,"featured_media":18911,"comment_status":"closed","ping_status":"open","sticky":false,"template":"","format":"standard","meta":{"tdm_status":"","tdm_grid_status":"","footnotes":""},"categories":[8],"tags":[5721,355,60],"class_list":{"0":"post-18909","1":"post","2":"type-post","3":"status-publish","4":"format-standard","5":"has-post-thumbnail","7":"category-politica","8":"tag-doland-trump","9":"tag-elecciones","10":"tag-javier-milei"},"_links":{"self":[{"href":"https:\/\/www.noticiasmas.com.ar\/index.php\/wp-json\/wp\/v2\/posts\/18909","targetHints":{"allow":["GET"]}}],"collection":[{"href":"https:\/\/www.noticiasmas.com.ar\/index.php\/wp-json\/wp\/v2\/posts"}],"about":[{"href":"https:\/\/www.noticiasmas.com.ar\/index.php\/wp-json\/wp\/v2\/types\/post"}],"author":[{"embeddable":true,"href":"https:\/\/www.noticiasmas.com.ar\/index.php\/wp-json\/wp\/v2\/users\/8"}],"replies":[{"embeddable":true,"href":"https:\/\/www.noticiasmas.com.ar\/index.php\/wp-json\/wp\/v2\/comments?post=18909"}],"version-history":[{"count":1,"href":"https:\/\/www.noticiasmas.com.ar\/index.php\/wp-json\/wp\/v2\/posts\/18909\/revisions"}],"predecessor-version":[{"id":18912,"href":"https:\/\/www.noticiasmas.com.ar\/index.php\/wp-json\/wp\/v2\/posts\/18909\/revisions\/18912"}],"wp:featuredmedia":[{"embeddable":true,"href":"https:\/\/www.noticiasmas.com.ar\/index.php\/wp-json\/wp\/v2\/media\/18911"}],"wp:attachment":[{"href":"https:\/\/www.noticiasmas.com.ar\/index.php\/wp-json\/wp\/v2\/media?parent=18909"}],"wp:term":[{"taxonomy":"category","embeddable":true,"href":"https:\/\/www.noticiasmas.com.ar\/index.php\/wp-json\/wp\/v2\/categories?post=18909"},{"taxonomy":"post_tag","embeddable":true,"href":"https:\/\/www.noticiasmas.com.ar\/index.php\/wp-json\/wp\/v2\/tags?post=18909"}],"curies":[{"name":"wp","href":"https:\/\/api.w.org\/{rel}","templated":true}]}}