{"id":18927,"date":"2025-10-28T10:02:37","date_gmt":"2025-10-28T13:02:37","guid":{"rendered":"https:\/\/www.noticiasmas.com.ar\/?p=18927"},"modified":"2025-10-28T10:02:41","modified_gmt":"2025-10-28T13:02:41","slug":"san-lorenzo-prision-preventiva-para-un-hombre-acusado-de-robar-a-un-uber-con-un-arma-de-fuego","status":"publish","type":"post","link":"https:\/\/www.noticiasmas.com.ar\/index.php\/2025\/10\/28\/san-lorenzo-prision-preventiva-para-un-hombre-acusado-de-robar-a-un-uber-con-un-arma-de-fuego\/","title":{"rendered":"San Lorenzo: prisi\u00f3n preventiva para un hombre acusado de robar a un Uber con un arma de fuego"},"content":{"rendered":"\n<p>Un joven identificado como <strong>Enzo C.<\/strong> qued\u00f3 en <strong>prisi\u00f3n preventiva por 90 d\u00edas<\/strong>, acusado de participar en un violento robo cometido el pasado <strong>7 de octubre de 2025<\/strong> en inmediaciones del <strong>Puente Reconquista sobre el arroyo San Lorenzo<\/strong>.<\/p>\n\n\n\n<p>La medida fue dispuesta durante una <strong>audiencia imputativa realizada este martes 28 de octubre de 2025<\/strong> en los <strong>Tribunales Provinciales de San Lorenzo<\/strong>, donde la <strong>fiscal Natalia Benvenuto<\/strong> imput\u00f3 al sospechoso por el delito de <strong>robo calificado por el uso de arma de fuego cuya aptitud para el disparo no pudo ser acreditada<\/strong>, en <strong>grado consumado<\/strong> y en <strong>calidad de autor<\/strong>.<\/p>\n\n\n\n<p>El <strong>juez de primera instancia, Eugenio Romanini<\/strong>, valid\u00f3 la acusaci\u00f3n fiscal y orden\u00f3 que el impuad quede detenido de forma preventiva por <strong>90 d\u00edas<\/strong>, plazo que podr\u00e1 ser <strong>prorrogado<\/strong> en caso de ser solicitado por la Fiscal\u00eda.<\/p>\n\n\n\n<p>Seg\u00fan la investigaci\u00f3n, el delito ocurri\u00f3 alrededor de las <strong>6:40 de la ma\u00f1ana<\/strong> del <strong>7 de octubre<\/strong>. La v\u00edctima, un conductor de un <strong>veh\u00edculo Renault Cl\u00edo afectado a una aplicaci\u00f3n de transporte<\/strong>, trasladaba a <strong>tres pasajeros<\/strong> cuando fue sorprendido.<\/p>\n\n\n\n<p>Al llegar a la zona del <strong>Puente Reconquista<\/strong>, sobre el <strong>arroyo San Lorenzo<\/strong>, los ocupantes <strong>le ordenaron detener la marcha<\/strong>. Uno simul\u00f3 descender del auto, mientras los otros dos <strong>lo tomaron del cuello y lo amenazaron apunt\u00e1ndole con un arma de fuego en la nuca<\/strong>.<\/p>\n\n\n\n<p>Bajo intimidaci\u00f3n, los agresores le <strong>robaron<\/strong> un <strong>tel\u00e9fono celular Xiaomi C14<\/strong>, una <strong>billetera de cuero marca Billabong<\/strong> con documentaci\u00f3n y <strong>$90.000 en efectivo<\/strong>.<\/p>\n\n\n\n<p>Tras el asalto, los acusados se dieron a la fuga en direcci\u00f3n a <strong>Puerto General San Mart\u00edn<\/strong>. La investigaci\u00f3n contin\u00faa para identificar a los <strong>otros dos implicados<\/strong> que todav\u00eda no fueron detenidos.<\/p>\n","protected":false},"excerpt":{"rendered":"<p>Un joven identificado como Enzo C. qued\u00f3 en prisi\u00f3n preventiva por 90 d\u00edas, acusado de participar en un violento robo cometido el pasado 7 de octubre de 2025 en inmediaciones del Puente Reconquista sobre el arroyo San Lorenzo. La medida fue dispuesta durante una audiencia imputativa realizada este martes 28 de octubre de 2025 en [&hellip;]<\/p>\n","protected":false},"author":9,"featured_media":18928,"comment_status":"closed","ping_status":"open","sticky":false,"template":"","format":"standard","meta":{"tdm_status":"","tdm_grid_status":"","footnotes":""},"categories":[9],"tags":[110,172,58],"class_list":{"0":"post-18927","1":"post","2":"type-post","3":"status-publish","4":"format-standard","5":"has-post-thumbnail","7":"category-policiales","8":"tag-detenido","9":"tag-policiales","10":"tag-san-lorenzo"},"_links":{"self":[{"href":"https:\/\/www.noticiasmas.com.ar\/index.php\/wp-json\/wp\/v2\/posts\/18927","targetHints":{"allow":["GET"]}}],"collection":[{"href":"https:\/\/www.noticiasmas.com.ar\/index.php\/wp-json\/wp\/v2\/posts"}],"about":[{"href":"https:\/\/www.noticiasmas.com.ar\/index.php\/wp-json\/wp\/v2\/types\/post"}],"author":[{"embeddable":true,"href":"https:\/\/www.noticiasmas.com.ar\/index.php\/wp-json\/wp\/v2\/users\/9"}],"replies":[{"embeddable":true,"href":"https:\/\/www.noticiasmas.com.ar\/index.php\/wp-json\/wp\/v2\/comments?post=18927"}],"version-history":[{"count":1,"href":"https:\/\/www.noticiasmas.com.ar\/index.php\/wp-json\/wp\/v2\/posts\/18927\/revisions"}],"predecessor-version":[{"id":18929,"href":"https:\/\/www.noticiasmas.com.ar\/index.php\/wp-json\/wp\/v2\/posts\/18927\/revisions\/18929"}],"wp:featuredmedia":[{"embeddable":true,"href":"https:\/\/www.noticiasmas.com.ar\/index.php\/wp-json\/wp\/v2\/media\/18928"}],"wp:attachment":[{"href":"https:\/\/www.noticiasmas.com.ar\/index.php\/wp-json\/wp\/v2\/media?parent=18927"}],"wp:term":[{"taxonomy":"category","embeddable":true,"href":"https:\/\/www.noticiasmas.com.ar\/index.php\/wp-json\/wp\/v2\/categories?post=18927"},{"taxonomy":"post_tag","embeddable":true,"href":"https:\/\/www.noticiasmas.com.ar\/index.php\/wp-json\/wp\/v2\/tags?post=18927"}],"curies":[{"name":"wp","href":"https:\/\/api.w.org\/{rel}","templated":true}]}}