{"id":18965,"date":"2025-10-29T09:35:23","date_gmt":"2025-10-29T12:35:23","guid":{"rendered":"https:\/\/www.noticiasmas.com.ar\/?p=18965"},"modified":"2025-10-29T09:35:26","modified_gmt":"2025-10-29T12:35:26","slug":"milei-espera-por-pullaro-tras-su-aplastante-victoria-en-santa-fe-para-sumar-su-apoyo-a-las-nuevas-reformas","status":"publish","type":"post","link":"https:\/\/www.noticiasmas.com.ar\/index.php\/2025\/10\/29\/milei-espera-por-pullaro-tras-su-aplastante-victoria-en-santa-fe-para-sumar-su-apoyo-a-las-nuevas-reformas\/","title":{"rendered":"Milei espera por Pullaro tras su aplastante victoria en Santa Fe para sumar su apoyo a las nuevas reformas"},"content":{"rendered":"\n<p>El gobernador de Santa Fe, Maximiliano Pullaro, es uno de los invitados por el gobierno nacional para diagramar las nuevas pol\u00edticas y reformas luego de la contundente victoria en las elecciones legislativas.<\/p>\n\n\n\n<p>Javier Milei impulsar\u00e1 en estos pr\u00f3ximos d\u00edas una nueva serie de reuniones con al menos 15 gobernadores aliados o con escaso margen de maniobra, situaci\u00f3n en la que se encuentra actualmente el gobernador santafesino, derrotado en las elecciones dentro de la provincia, donde su candidata, la vicegobernadora Gisela Scaglia, qued\u00f3 tercera triplicada por el liberalismo y duplicada por el peronismo.&nbsp;<\/p>\n\n\n\n<p>En Casa Rosada, los primeros en recibir la comunicaci\u00f3n fueron los aliados de la Casa Rosada en estas elecciones, Rogelio Frigerio (Entre R\u00edos), Alfredo Cornejo (Mendoza), Leandro Zdero (Chaco) y el jefe de Gobierno porte\u00f1o, Jorge Macri.<\/p>\n\n\n\n<p>En tanto, tambi\u00e9n fueron convocados los mandatarios que integraron el espacio Provincias Unidas: el mencionado Pullaro, Mart\u00edn Llaryora (C\u00f3rdoba), Gustavo Vald\u00e9s (Corrientes), Carlos Sadir (Jujuy) y Ignacio Torres (Chubut).<\/p>\n\n\n\n<p>La invitaci\u00f3n tambi\u00e9n fue recibida por Rolando Figueroa (Neuqu\u00e9n), Alberto Weretilneck (R\u00edo Negro), Claudio Poggi (San Luis), Hugo Passalacqua (Misiones) y Gustavo S\u00e1enz (Salta).Entre los peronistas que s\u00ed est\u00e1n convocados se encuentran Osvaldo Jaldo (Tucum\u00e1n) y Ra\u00fal Jalil (Catamarca), ambos ganadores de este domingo, y tambi\u00e9n el l\u00edder del Frente C\u00edvico de Santiago, Gerardo Zamora (Santiago del Estero).<\/p>\n","protected":false},"excerpt":{"rendered":"<p>El gobernador de Santa Fe, Maximiliano Pullaro, es uno de los invitados por el gobierno nacional para diagramar las nuevas pol\u00edticas y reformas luego de la contundente victoria en las elecciones legislativas. Javier Milei impulsar\u00e1 en estos pr\u00f3ximos d\u00edas una nueva serie de reuniones con al menos 15 gobernadores aliados o con escaso margen de [&hellip;]<\/p>\n","protected":false},"author":9,"featured_media":18966,"comment_status":"closed","ping_status":"open","sticky":false,"template":"","format":"standard","meta":{"tdm_status":"","tdm_grid_status":"","footnotes":""},"categories":[8],"tags":[63,102,39],"class_list":{"0":"post-18965","1":"post","2":"type-post","3":"status-publish","4":"format-standard","5":"has-post-thumbnail","7":"category-politica","8":"tag-maximiliano-pullaro","9":"tag-milei","10":"tag-politica"},"_links":{"self":[{"href":"https:\/\/www.noticiasmas.com.ar\/index.php\/wp-json\/wp\/v2\/posts\/18965","targetHints":{"allow":["GET"]}}],"collection":[{"href":"https:\/\/www.noticiasmas.com.ar\/index.php\/wp-json\/wp\/v2\/posts"}],"about":[{"href":"https:\/\/www.noticiasmas.com.ar\/index.php\/wp-json\/wp\/v2\/types\/post"}],"author":[{"embeddable":true,"href":"https:\/\/www.noticiasmas.com.ar\/index.php\/wp-json\/wp\/v2\/users\/9"}],"replies":[{"embeddable":true,"href":"https:\/\/www.noticiasmas.com.ar\/index.php\/wp-json\/wp\/v2\/comments?post=18965"}],"version-history":[{"count":1,"href":"https:\/\/www.noticiasmas.com.ar\/index.php\/wp-json\/wp\/v2\/posts\/18965\/revisions"}],"predecessor-version":[{"id":18967,"href":"https:\/\/www.noticiasmas.com.ar\/index.php\/wp-json\/wp\/v2\/posts\/18965\/revisions\/18967"}],"wp:featuredmedia":[{"embeddable":true,"href":"https:\/\/www.noticiasmas.com.ar\/index.php\/wp-json\/wp\/v2\/media\/18966"}],"wp:attachment":[{"href":"https:\/\/www.noticiasmas.com.ar\/index.php\/wp-json\/wp\/v2\/media?parent=18965"}],"wp:term":[{"taxonomy":"category","embeddable":true,"href":"https:\/\/www.noticiasmas.com.ar\/index.php\/wp-json\/wp\/v2\/categories?post=18965"},{"taxonomy":"post_tag","embeddable":true,"href":"https:\/\/www.noticiasmas.com.ar\/index.php\/wp-json\/wp\/v2\/tags?post=18965"}],"curies":[{"name":"wp","href":"https:\/\/api.w.org\/{rel}","templated":true}]}}