{"id":18982,"date":"2025-10-29T11:26:29","date_gmt":"2025-10-29T14:26:29","guid":{"rendered":"https:\/\/www.noticiasmas.com.ar\/?p=18982"},"modified":"2025-10-29T11:26:32","modified_gmt":"2025-10-29T14:26:32","slug":"el-clasico-rosarino-de-futbol-de-salon-termino-con-incidentes","status":"publish","type":"post","link":"https:\/\/www.noticiasmas.com.ar\/index.php\/2025\/10\/29\/el-clasico-rosarino-de-futbol-de-salon-termino-con-incidentes\/","title":{"rendered":"El cl\u00e1sico rosarino de f\u00fatbol de sal\u00f3n termin\u00f3 con incidentes"},"content":{"rendered":"\n<p>El cl\u00e1sico de la ciudad de Rosario correspondiente al torneo organizado por AROFUSA termin\u00f3 con esc\u00e1ndalo e incidentes entre los jugadores de Newell&#8217;s y Central, estos \u00faltimos sufriendo roturas en sus veh\u00edculos dentro del estacionamiento del predio del Parque Independencia.<\/p>\n\n\n\n<p>El pasado martes 21 de octubre, ambos equipos se cruzaron en el encuentro de las categor\u00edas primera divisi\u00f3n y C17 en el Estadio Cubierto Claudio Newell. <\/p>\n\n\n\n<p>El partido termin\u00f3 en un re\u00f1ido 1 a 1, t\u00edpico de partido cl\u00e1sico entre dos equipos sumamente parejos, pero al final del encuentro, los jugadores canallas, seg\u00fan denunciaron fueron increpados a la salida del estadio.<\/p>\n\n\n\n<p>Cabe destacar que estos cl\u00e1sicos de disciplinas amateurs, en general, suelen disputarse a puertas cerradas debido a la posibilidad de incidentes entre hinchas ajenos al deporte. <\/p>\n\n\n\n<p>&#8220;Al finalizar el encuentro el cual se desarrollo con total normalidad, nuestro plantel se dirigi\u00f3 a los autos que hab\u00edan sido estacionados dentro del club por pedido del local, y estos estaban todos rayados y golpeados. Cuando se pidieron explicaciones de lo sucedido, ingresaron por una puerta del club entre 35, 45 personas ajenas al deporte, con ropa de Newell&#8217;s agrediendo verbal y f\u00edsicamente a nuestros jugadores y cuerpo t\u00e9cnico. Al querer retirarse del lugar, est\u00e1s &#8220;personas&#8221; destruyeron vidrios de autos y golpearon con palos m\u00e1s all\u00e1 de los insultos&#8221;, denunciaron los jugadores de Central a trav\u00e9s de las redes sociales. <\/p>\n\n\n\n<p><a href=\"https:\/\/www.instagram.com\/reel\/DQZXpFzDoAu\/?utm_source=ig_embed&amp;utm_campaign=loading\" target=\"_blank\" rel=\"noreferrer noopener\">Ver esta publicaci\u00f3n en Instagram<\/a><\/p>\n\n\n\n<p>&#8220;Esperamos que se tomen medidas para que esto no vuelva a pasar ni con nosotros ni con nadie. Y estamos convencidos que la violencia no lleva a ning\u00fan lado&#8221;, agregaron.<\/p>\n\n\n\n<p>AROFUSA tom\u00f3 nota de los incidentes y se esperan revisiones luego de lo ocurrido, algo que ti\u00f1e negativamente a la hist\u00f3rica rivalidad de los clubes pero que no debe ensuciar para nada a dos disciplinas que, muchas veces a mucho pulm\u00f3n, llevan adelante los deportes amateurs. <\/p>\n","protected":false},"excerpt":{"rendered":"<p>El cl\u00e1sico de la ciudad de Rosario correspondiente al torneo organizado por AROFUSA termin\u00f3 con esc\u00e1ndalo e incidentes entre los jugadores de Newell&#8217;s y Central, estos \u00faltimos sufriendo roturas en sus veh\u00edculos dentro del estacionamiento del predio del Parque Independencia. El pasado martes 21 de octubre, ambos equipos se cruzaron en el encuentro de las [&hellip;]<\/p>\n","protected":false},"author":9,"featured_media":18983,"comment_status":"closed","ping_status":"open","sticky":false,"template":"","format":"standard","meta":{"tdm_status":"","tdm_grid_status":"","footnotes":""},"categories":[10],"tags":[5747,132,95],"class_list":{"0":"post-18982","1":"post","2":"type-post","3":"status-publish","4":"format-standard","5":"has-post-thumbnail","7":"category-deportes","8":"tag-futbol-de-salon","9":"tag-newells","10":"tag-rosario-central"},"_links":{"self":[{"href":"https:\/\/www.noticiasmas.com.ar\/index.php\/wp-json\/wp\/v2\/posts\/18982","targetHints":{"allow":["GET"]}}],"collection":[{"href":"https:\/\/www.noticiasmas.com.ar\/index.php\/wp-json\/wp\/v2\/posts"}],"about":[{"href":"https:\/\/www.noticiasmas.com.ar\/index.php\/wp-json\/wp\/v2\/types\/post"}],"author":[{"embeddable":true,"href":"https:\/\/www.noticiasmas.com.ar\/index.php\/wp-json\/wp\/v2\/users\/9"}],"replies":[{"embeddable":true,"href":"https:\/\/www.noticiasmas.com.ar\/index.php\/wp-json\/wp\/v2\/comments?post=18982"}],"version-history":[{"count":1,"href":"https:\/\/www.noticiasmas.com.ar\/index.php\/wp-json\/wp\/v2\/posts\/18982\/revisions"}],"predecessor-version":[{"id":18984,"href":"https:\/\/www.noticiasmas.com.ar\/index.php\/wp-json\/wp\/v2\/posts\/18982\/revisions\/18984"}],"wp:featuredmedia":[{"embeddable":true,"href":"https:\/\/www.noticiasmas.com.ar\/index.php\/wp-json\/wp\/v2\/media\/18983"}],"wp:attachment":[{"href":"https:\/\/www.noticiasmas.com.ar\/index.php\/wp-json\/wp\/v2\/media?parent=18982"}],"wp:term":[{"taxonomy":"category","embeddable":true,"href":"https:\/\/www.noticiasmas.com.ar\/index.php\/wp-json\/wp\/v2\/categories?post=18982"},{"taxonomy":"post_tag","embeddable":true,"href":"https:\/\/www.noticiasmas.com.ar\/index.php\/wp-json\/wp\/v2\/tags?post=18982"}],"curies":[{"name":"wp","href":"https:\/\/api.w.org\/{rel}","templated":true}]}}