{"id":18992,"date":"2025-10-29T22:27:59","date_gmt":"2025-10-30T01:27:59","guid":{"rendered":"https:\/\/www.noticiasmas.com.ar\/?p=18992"},"modified":"2025-10-29T22:28:02","modified_gmt":"2025-10-30T01:28:02","slug":"gremio-no-docente-de-la-unr-realiza-jornada-sobre-avances-en-investigacion-sobre-enfermedad-celiaca","status":"publish","type":"post","link":"https:\/\/www.noticiasmas.com.ar\/index.php\/2025\/10\/29\/gremio-no-docente-de-la-unr-realiza-jornada-sobre-avances-en-investigacion-sobre-enfermedad-celiaca\/","title":{"rendered":"GREMIO NO DOCENTE DE LA UNR REALIZA JORNADA SOBRE AVANCES EN INVESTIGACI\u00d3N SOBRE ENFERMEDAD CELIACA"},"content":{"rendered":"\n<p>La Comisi\u00f3n Directiva de APUR y su Centro de Especializaci\u00f3n Laboral (CEL) invitan a participar de la conferencia sobre \u201cEnfermedad Cel\u00edaca\u201d, que se realizar\u00e1 el viernes 31 de octubre a las 9:30 horas en el Sal\u00f3n Norte de la Sede de Gobierno de la UNR (Maip\u00fa 1065).<\/p>\n\n\n\n<p>Esta actividad abierta a la comunidad busca difundir los avances en la investigaci\u00f3n sobre la enfermedad cel\u00edaca y poner en valor el trabajo Nodocente en los ejes de ciencia, investigaci\u00f3n y salud.<\/p>\n\n\n\n<p>\u201cLa celiaqu\u00eda es hoy la enfermedad intestinal cr\u00f3nica m\u00e1s frecuente, causada por la intolerancia al gluten \u2014presente en trigo, avena, cebada y centeno\u2014, y afecta aproximadamente a 1 de cada 100 personas, aunque muchos casos a\u00fan no han sido diagnosticados. Su abordaje requiere informaci\u00f3n precisa para mejorar la calidad de vida de quienes la padecen\u201d, informaron desde APUR.<\/p>\n\n\n\n<p>La jornada estar\u00e1 a cargo de la Nodocente Eleonora Pezzarini, Bioqu\u00edmica y Vicedirectora del Laboratorio Mixto de Enfermedad Cel\u00edaca de la Facultad de Ciencias Bioqu\u00edmicas y Farmac\u00e9uticas (FBIOyF\u2013UNR) y del Laboratorio Central del Hospital Provincial del Centenario, quien presentar\u00e1 la conferencia central.<\/p>\n\n\n\n<p>Adem\u00e1s, participar\u00e1n:<br>Dr. Fabi\u00e1n Pelusa con la ponencia \u201cConociendo la enfermedad cel\u00edaca: mitos y verdades de la vida sin gluten\u201d. Dra. Cecilia Basiglio con \u201cComer sin gluten, \u00bfa qu\u00e9 costo? Una mirada al h\u00edgado graso en pacientes cel\u00edacos\u201d.<\/p>\n\n\n\n<p>Desde APUR \u201cdestacamos la importancia de generar y acompa\u00f1ar estos espacios de formaci\u00f3n y divulgaci\u00f3n que ponen de relieve el aporte Nodocente en el campo cient\u00edfico y universitario, fortaleciendo la vinculaci\u00f3n entre conocimiento, salud y comunidad\u201d.<\/p>\n\n\n\n<p>Para obtener mayor informaci\u00f3n comunicarse al siguiente correo electr\u00f3nico: <a href=\"mailto:apur.capacitacion@gmail.com\">apur.capacitacion@gmail.com<\/a><\/p>\n\n\n\n<p><\/p>\n","protected":false},"excerpt":{"rendered":"<p>La Comisi\u00f3n Directiva de APUR y su Centro de Especializaci\u00f3n Laboral (CEL) invitan a participar de la conferencia sobre \u201cEnfermedad Cel\u00edaca\u201d, que se realizar\u00e1 el viernes 31 de octubre a las 9:30 horas en el Sal\u00f3n Norte de la Sede de Gobierno de la UNR (Maip\u00fa 1065). Esta actividad abierta a la comunidad busca difundir [&hellip;]<\/p>\n","protected":false},"author":5,"featured_media":18993,"comment_status":"closed","ping_status":"open","sticky":false,"template":"","format":"standard","meta":{"tdm_status":"","tdm_grid_status":"","footnotes":""},"categories":[13],"tags":[2682,5752,5753,5751,163,546],"class_list":{"0":"post-18992","1":"post","2":"type-post","3":"status-publish","4":"format-standard","5":"has-post-thumbnail","7":"category-region","8":"tag-apur","9":"tag-avances-en-investigacion","10":"tag-cel","11":"tag-celiaquia","12":"tag-rosario","13":"tag-unr"},"_links":{"self":[{"href":"https:\/\/www.noticiasmas.com.ar\/index.php\/wp-json\/wp\/v2\/posts\/18992","targetHints":{"allow":["GET"]}}],"collection":[{"href":"https:\/\/www.noticiasmas.com.ar\/index.php\/wp-json\/wp\/v2\/posts"}],"about":[{"href":"https:\/\/www.noticiasmas.com.ar\/index.php\/wp-json\/wp\/v2\/types\/post"}],"author":[{"embeddable":true,"href":"https:\/\/www.noticiasmas.com.ar\/index.php\/wp-json\/wp\/v2\/users\/5"}],"replies":[{"embeddable":true,"href":"https:\/\/www.noticiasmas.com.ar\/index.php\/wp-json\/wp\/v2\/comments?post=18992"}],"version-history":[{"count":1,"href":"https:\/\/www.noticiasmas.com.ar\/index.php\/wp-json\/wp\/v2\/posts\/18992\/revisions"}],"predecessor-version":[{"id":18994,"href":"https:\/\/www.noticiasmas.com.ar\/index.php\/wp-json\/wp\/v2\/posts\/18992\/revisions\/18994"}],"wp:featuredmedia":[{"embeddable":true,"href":"https:\/\/www.noticiasmas.com.ar\/index.php\/wp-json\/wp\/v2\/media\/18993"}],"wp:attachment":[{"href":"https:\/\/www.noticiasmas.com.ar\/index.php\/wp-json\/wp\/v2\/media?parent=18992"}],"wp:term":[{"taxonomy":"category","embeddable":true,"href":"https:\/\/www.noticiasmas.com.ar\/index.php\/wp-json\/wp\/v2\/categories?post=18992"},{"taxonomy":"post_tag","embeddable":true,"href":"https:\/\/www.noticiasmas.com.ar\/index.php\/wp-json\/wp\/v2\/tags?post=18992"}],"curies":[{"name":"wp","href":"https:\/\/api.w.org\/{rel}","templated":true}]}}