{"id":18995,"date":"2025-10-29T22:33:21","date_gmt":"2025-10-30T01:33:21","guid":{"rendered":"https:\/\/www.noticiasmas.com.ar\/?p=18995"},"modified":"2025-10-29T22:33:24","modified_gmt":"2025-10-30T01:33:24","slug":"judiciales-nacionales-lanzan-nuevo-paro-este-viernes-31-de-octubre","status":"publish","type":"post","link":"https:\/\/www.noticiasmas.com.ar\/index.php\/2025\/10\/29\/judiciales-nacionales-lanzan-nuevo-paro-este-viernes-31-de-octubre\/","title":{"rendered":"JUDICIALES NACIONALES LANZAN NUEVO PARO ESTE VIERNES 31 DE OCTUBRE"},"content":{"rendered":"\n<p>La Uni\u00f3n de Empleados de la Justicia de la Naci\u00f3n (UEJN) confirm\u00f3 un nuevo paro nacional por 24 horas para este viernes 31 de octubre. La regional de la UEJN Santa Fe adelant\u00f3 que no habr\u00e1 actividades en los Tribunales Federales locales. As\u00ed lo confirm\u00f3 su secretario general, Lisandro Casale.<\/p>\n\n\n\n<p>El paro se realizar\u00e1 bajo la consigna triple: \u201cPor el salario, contra el traspaso y en defensa del sistema jubilatorio!\u201d. La UEJN, denuncia un \u201cahogo\u201d a los salarios judiciales y la constante amenaza a la independencia del Poder Judicial.&#8221;Llos motivos para mantener nuestro reclamo se multiplican\u201d, aseguraron desde la UEJN.<\/p>\n\n\n\n<p>Unos de los puntos del conflicto es \u201cla p\u00e9rdida salarial\u201d acumulada desde la asunci\u00f3n de Javier Milei que asciende al 29,2%. El gremio fue enf\u00e1tico en su rechazo a los aumentos considerados insuficientes, como el 1,9% para agosto, e insistiendo en la necesidad de recuperar, al menos, el poder adquisitivo perdido frente a la inflaci\u00f3n durante 2025.<\/p>\n","protected":false},"excerpt":{"rendered":"<p>La Uni\u00f3n de Empleados de la Justicia de la Naci\u00f3n (UEJN) confirm\u00f3 un nuevo paro nacional por 24 horas para este viernes 31 de octubre. La regional de la UEJN Santa Fe adelant\u00f3 que no habr\u00e1 actividades en los Tribunales Federales locales. As\u00ed lo confirm\u00f3 su secretario general, Lisandro Casale. El paro se realizar\u00e1 bajo [&hellip;]<\/p>\n","protected":false},"author":5,"featured_media":18996,"comment_status":"closed","ping_status":"open","sticky":false,"template":"","format":"standard","meta":{"tdm_status":"","tdm_grid_status":"","footnotes":""},"categories":[1],"tags":[324,4602,691,18],"class_list":{"0":"post-18995","1":"post","2":"type-post","3":"status-publish","4":"format-standard","5":"has-post-thumbnail","7":"category-nacionales","8":"tag-argentina","9":"tag-judiciales-nacionales","10":"tag-paro","11":"tag-santa-fe"},"_links":{"self":[{"href":"https:\/\/www.noticiasmas.com.ar\/index.php\/wp-json\/wp\/v2\/posts\/18995","targetHints":{"allow":["GET"]}}],"collection":[{"href":"https:\/\/www.noticiasmas.com.ar\/index.php\/wp-json\/wp\/v2\/posts"}],"about":[{"href":"https:\/\/www.noticiasmas.com.ar\/index.php\/wp-json\/wp\/v2\/types\/post"}],"author":[{"embeddable":true,"href":"https:\/\/www.noticiasmas.com.ar\/index.php\/wp-json\/wp\/v2\/users\/5"}],"replies":[{"embeddable":true,"href":"https:\/\/www.noticiasmas.com.ar\/index.php\/wp-json\/wp\/v2\/comments?post=18995"}],"version-history":[{"count":1,"href":"https:\/\/www.noticiasmas.com.ar\/index.php\/wp-json\/wp\/v2\/posts\/18995\/revisions"}],"predecessor-version":[{"id":18997,"href":"https:\/\/www.noticiasmas.com.ar\/index.php\/wp-json\/wp\/v2\/posts\/18995\/revisions\/18997"}],"wp:featuredmedia":[{"embeddable":true,"href":"https:\/\/www.noticiasmas.com.ar\/index.php\/wp-json\/wp\/v2\/media\/18996"}],"wp:attachment":[{"href":"https:\/\/www.noticiasmas.com.ar\/index.php\/wp-json\/wp\/v2\/media?parent=18995"}],"wp:term":[{"taxonomy":"category","embeddable":true,"href":"https:\/\/www.noticiasmas.com.ar\/index.php\/wp-json\/wp\/v2\/categories?post=18995"},{"taxonomy":"post_tag","embeddable":true,"href":"https:\/\/www.noticiasmas.com.ar\/index.php\/wp-json\/wp\/v2\/tags?post=18995"}],"curies":[{"name":"wp","href":"https:\/\/api.w.org\/{rel}","templated":true}]}}