{"id":19063,"date":"2025-10-31T14:42:26","date_gmt":"2025-10-31T17:42:26","guid":{"rendered":"https:\/\/www.noticiasmas.com.ar\/?p=19063"},"modified":"2025-10-31T14:42:29","modified_gmt":"2025-10-31T17:42:29","slug":"el-gobierno-provincial-otorgara-un-aumento-a-los-docentes-pero-no-abrira-paritarias","status":"publish","type":"post","link":"https:\/\/www.noticiasmas.com.ar\/index.php\/2025\/10\/31\/el-gobierno-provincial-otorgara-un-aumento-a-los-docentes-pero-no-abrira-paritarias\/","title":{"rendered":"El gobierno provincial otorgar\u00e1 un aumento a los docentes pero no abrir\u00e1 paritarias"},"content":{"rendered":"\n<p>El gobierno provincial convocar\u00e1 a los gremios docentes en Santa Fe para definir un aumento salarial que compense el desfasaje inflacionario del \u00faltimo mes, pero no abrir\u00e1 una mesa de negociaci\u00f3n paritaria ni lo har\u00e1 en lo que resta de este 2025.<\/p>\n\n\n\n<p>As\u00ed lo confirm\u00f3 el ministro de Econom\u00eda de la provincia, Pablo Olivares, quien sostuvo que el gobierno provincial va a garantizar un incremento adicional para compensar la p\u00e9rdida salarial desde la inflaci\u00f3n de julio en adelante, teniendo en cuenta los valores del \u00cdndice de Precios al Consumidor.&nbsp;<\/p>\n\n\n\n<p>El acumulado desde entre julio y septiembre de 2025 es de 5,9%. <strong>&#8220;No va a haber una reapertura del acuerdo paritario, pero s\u00ed abordaremos la forma de esa compensaci\u00f3n mediante un di\u00e1logo&#8221;<\/strong>, sostuvo el ministro de Econom\u00eda santafesino.&nbsp;<\/p>\n\n\n\n<p>Sin embargo, hasta no haber medici\u00f3n oficial de octubre, no habr\u00e1 informaci\u00f3n al respecto a los gremios.<\/p>\n","protected":false},"excerpt":{"rendered":"<p>El gobierno provincial convocar\u00e1 a los gremios docentes en Santa Fe para definir un aumento salarial que compense el desfasaje inflacionario del \u00faltimo mes, pero no abrir\u00e1 una mesa de negociaci\u00f3n paritaria ni lo har\u00e1 en lo que resta de este 2025. As\u00ed lo confirm\u00f3 el ministro de Econom\u00eda de la provincia, Pablo Olivares, quien [&hellip;]<\/p>\n","protected":false},"author":9,"featured_media":4708,"comment_status":"closed","ping_status":"open","sticky":false,"template":"","format":"standard","meta":{"tdm_status":"","tdm_grid_status":"","footnotes":""},"categories":[14],"tags":[798,2248,18],"class_list":{"0":"post-19063","1":"post","2":"type-post","3":"status-publish","4":"format-standard","5":"has-post-thumbnail","7":"category-provinciales","8":"tag-docentes","9":"tag-provinciales","10":"tag-santa-fe"},"_links":{"self":[{"href":"https:\/\/www.noticiasmas.com.ar\/index.php\/wp-json\/wp\/v2\/posts\/19063","targetHints":{"allow":["GET"]}}],"collection":[{"href":"https:\/\/www.noticiasmas.com.ar\/index.php\/wp-json\/wp\/v2\/posts"}],"about":[{"href":"https:\/\/www.noticiasmas.com.ar\/index.php\/wp-json\/wp\/v2\/types\/post"}],"author":[{"embeddable":true,"href":"https:\/\/www.noticiasmas.com.ar\/index.php\/wp-json\/wp\/v2\/users\/9"}],"replies":[{"embeddable":true,"href":"https:\/\/www.noticiasmas.com.ar\/index.php\/wp-json\/wp\/v2\/comments?post=19063"}],"version-history":[{"count":1,"href":"https:\/\/www.noticiasmas.com.ar\/index.php\/wp-json\/wp\/v2\/posts\/19063\/revisions"}],"predecessor-version":[{"id":19064,"href":"https:\/\/www.noticiasmas.com.ar\/index.php\/wp-json\/wp\/v2\/posts\/19063\/revisions\/19064"}],"wp:featuredmedia":[{"embeddable":true,"href":"https:\/\/www.noticiasmas.com.ar\/index.php\/wp-json\/wp\/v2\/media\/4708"}],"wp:attachment":[{"href":"https:\/\/www.noticiasmas.com.ar\/index.php\/wp-json\/wp\/v2\/media?parent=19063"}],"wp:term":[{"taxonomy":"category","embeddable":true,"href":"https:\/\/www.noticiasmas.com.ar\/index.php\/wp-json\/wp\/v2\/categories?post=19063"},{"taxonomy":"post_tag","embeddable":true,"href":"https:\/\/www.noticiasmas.com.ar\/index.php\/wp-json\/wp\/v2\/tags?post=19063"}],"curies":[{"name":"wp","href":"https:\/\/api.w.org\/{rel}","templated":true}]}}