{"id":19154,"date":"2025-11-04T17:26:05","date_gmt":"2025-11-04T20:26:05","guid":{"rendered":"https:\/\/www.noticiasmas.com.ar\/?p=19154"},"modified":"2025-11-04T17:27:23","modified_gmt":"2025-11-04T20:27:23","slug":"paritaria-aceitera-sigue-sin-resolverse-y-este-jueves-es-fecha-limite-para-acordar-o-iniciar-medidas-de-fuerza","status":"publish","type":"post","link":"https:\/\/www.noticiasmas.com.ar\/index.php\/2025\/11\/04\/paritaria-aceitera-sigue-sin-resolverse-y-este-jueves-es-fecha-limite-para-acordar-o-iniciar-medidas-de-fuerza\/","title":{"rendered":"PARITARIA ACEITERA SIGUE SIN RESOLVERSE Y ESTE JUEVES ES FECHA L\u00cdMITE PARA ACORDAR O INICIAR MEDIDAS DE FUERZA"},"content":{"rendered":"\n<p>El secretario general del Sindicato de Obreros y Empleados Aceiteros de San Lorenzo advirti\u00f3 que las c\u00e1maras empresarias act\u00faan en sinton\u00eda con la pol\u00edtica de flexibilizaci\u00f3n que impulsa el gobierno nacional. \u201cNo vamos a permitir que nos quiten derechos conquistados\u201d, asegur\u00f3.<\/p>\n\n\n\n<p>En un clima de alta tensi\u00f3n paritaria, el secretario general del Sindicato de Obreros y Empleados Aceiteros del Departamento San Lorenzo (SOEA), Daniel Succi, volvi\u00f3 a cuestionar la falta de voluntad negociadora de las empresas del complejo agroexportador y advirti\u00f3 que esa postura \u201cno es casual\u201d, sino que responde al escenario pol\u00edtico que prepara el gobierno nacional con la reforma laboral.<\/p>\n\n\n\n<p>\u201cHace dos meses que estamos negociando y las empresas no tienen ni un cachito de ganas de acordar. Ofrecen aumentos insignificantes y pretenden atarnos al \u00edndice de inflaci\u00f3n del INDEC, que todos sabemos que es mentiroso. Esto no es una paritaria: es una estrategia para condicionar el salario a la pol\u00edtica de ajuste que impulsa Milei\u201d, se\u00f1al\u00f3 el dirigente.<\/p>\n\n\n\n<p>Las conversaciones salariales se desarrollan en la Secretar\u00eda de Trabajo de la Naci\u00f3n, donde este martes se realiz\u00f3 una nueva audiencia sin avances. Los gremios reclaman una actualizaci\u00f3n del 26%, mientras que las c\u00e1maras del sector propusieron una suma no remunerativa de apenas $125.000 mensuales, oferta que fue rechazada por unanimidad.<\/p>\n\n\n\n<p>Succi vincul\u00f3 la rigidez empresaria con el nuevo marco econ\u00f3mico y laboral que promueve el gobierno nacional: \u201cDesde que asumi\u00f3 Milei, hubo una devaluaci\u00f3n del 120%, despu\u00e9s vinieron los DNU y ahora buscan imponer la reforma laboral. Este modelo est\u00e1 dise\u00f1ado para vaciar los sindicatos y precarizar el trabajo. Nosotros lo dijimos desde el primer d\u00eda: es el genocidio de la clase trabajadora\u201d.<\/p>\n\n\n\n<p>El dirigente record\u00f3 que el sindicato aceitero fue uno de los pocos que se manifest\u00f3 abiertamente contra los proyectos de flexibilizaci\u00f3n, incluso cuando el Congreso votaba leyes impulsadas por el oficialismo.<\/p>\n\n\n\n<p>Succi fue enf\u00e1tico al afirmar que los trabajadores resistir\u00e1n cualquier intento de avasallamiento sobre los derechos laborales y el Convenio Colectivo de Trabajo (CCT), considerado uno de los m\u00e1s avanzados del pa\u00eds.<\/p>\n\n\n\n<p>\u201cEstamos en contra de la reforma laboral y la vamos a resistir. Si se aprueba, vamos a retroceder veinte a\u00f1os. En nuestro gremio el 90% de los puestos son efectivos, pero con esta pol\u00edtica volver\u00edamos a tener m\u00faltiples convenios, m\u00e1s eventuales y menos estabilidad. Hoy nos quieren atar al INDEC, ma\u00f1ana nos quitan el convenio y pasado vamos a ser todos monotributistas\u201d, advirti\u00f3.<\/p>\n\n\n\n<p>El l\u00edder sindical record\u00f3 que, cuando asumi\u00f3 la conducci\u00f3n del SOEA, el gremio ten\u00eda apenas 282 afiliados, y hoy cuenta con m\u00e1s de 4.000 trabajadores organizados. \u201cEso se logr\u00f3 con lucha y con dignidad. No vamos a permitir que destruyan lo que construimos durante a\u00f1os\u201d, sostuvo.<\/p>\n\n\n\n<p>La conciliaci\u00f3n obligatoria fue prorrogada hasta el 6 de noviembre, fecha que marcar\u00e1 el l\u00edmite de la tregua. Si no hay acuerdo, los trabajadores podr\u00edan iniciar medidas de fuerza nacional que afecte a toda la industria.<\/p>\n\n\n\n<p>\u201cNosotros no queremos el conflicto, pero tampoco vamos a aceptar una propuesta que condene a los trabajadores a perder poder adquisitivo. Si no hay una oferta seria que garantice el salario y las condiciones laborales, el jueves evaluaremos los pasos a seguir\u201d, adelant\u00f3 Succi.<\/p>\n","protected":false},"excerpt":{"rendered":"<p>El secretario general del Sindicato de Obreros y Empleados Aceiteros de San Lorenzo advirti\u00f3 que las c\u00e1maras empresarias act\u00faan en sinton\u00eda con la pol\u00edtica de flexibilizaci\u00f3n que impulsa el gobierno nacional. \u201cNo vamos a permitir que nos quiten derechos conquistados\u201d, asegur\u00f3. En un clima de alta tensi\u00f3n paritaria, el secretario general del Sindicato de Obreros [&hellip;]<\/p>\n","protected":false},"author":5,"featured_media":8892,"comment_status":"closed","ping_status":"open","sticky":false,"template":"","format":"standard","meta":{"tdm_status":"","tdm_grid_status":"","footnotes":""},"categories":[13],"tags":[254,226,5797,52,58],"class_list":{"0":"post-19154","1":"post","2":"type-post","3":"status-publish","4":"format-standard","5":"has-post-thumbnail","7":"category-region","8":"tag-aceiteros","9":"tag-gremiales","10":"tag-paritaria-trabada","11":"tag-puerto-san-martin","12":"tag-san-lorenzo"},"_links":{"self":[{"href":"https:\/\/www.noticiasmas.com.ar\/index.php\/wp-json\/wp\/v2\/posts\/19154","targetHints":{"allow":["GET"]}}],"collection":[{"href":"https:\/\/www.noticiasmas.com.ar\/index.php\/wp-json\/wp\/v2\/posts"}],"about":[{"href":"https:\/\/www.noticiasmas.com.ar\/index.php\/wp-json\/wp\/v2\/types\/post"}],"author":[{"embeddable":true,"href":"https:\/\/www.noticiasmas.com.ar\/index.php\/wp-json\/wp\/v2\/users\/5"}],"replies":[{"embeddable":true,"href":"https:\/\/www.noticiasmas.com.ar\/index.php\/wp-json\/wp\/v2\/comments?post=19154"}],"version-history":[{"count":1,"href":"https:\/\/www.noticiasmas.com.ar\/index.php\/wp-json\/wp\/v2\/posts\/19154\/revisions"}],"predecessor-version":[{"id":19155,"href":"https:\/\/www.noticiasmas.com.ar\/index.php\/wp-json\/wp\/v2\/posts\/19154\/revisions\/19155"}],"wp:featuredmedia":[{"embeddable":true,"href":"https:\/\/www.noticiasmas.com.ar\/index.php\/wp-json\/wp\/v2\/media\/8892"}],"wp:attachment":[{"href":"https:\/\/www.noticiasmas.com.ar\/index.php\/wp-json\/wp\/v2\/media?parent=19154"}],"wp:term":[{"taxonomy":"category","embeddable":true,"href":"https:\/\/www.noticiasmas.com.ar\/index.php\/wp-json\/wp\/v2\/categories?post=19154"},{"taxonomy":"post_tag","embeddable":true,"href":"https:\/\/www.noticiasmas.com.ar\/index.php\/wp-json\/wp\/v2\/tags?post=19154"}],"curies":[{"name":"wp","href":"https:\/\/api.w.org\/{rel}","templated":true}]}}