{"id":19192,"date":"2025-11-05T16:47:41","date_gmt":"2025-11-05T19:47:41","guid":{"rendered":"https:\/\/www.noticiasmas.com.ar\/?p=19192"},"modified":"2025-11-05T16:47:44","modified_gmt":"2025-11-05T19:47:44","slug":"hacia-donde-va-la-negociacion-de-los-aceiteros-de-san-lorenzo","status":"publish","type":"post","link":"https:\/\/www.noticiasmas.com.ar\/index.php\/2025\/11\/05\/hacia-donde-va-la-negociacion-de-los-aceiteros-de-san-lorenzo\/","title":{"rendered":"\u00bfHacia d\u00f3nde va la negociaci\u00f3n de los aceiteros de San Lorenzo?"},"content":{"rendered":"\n<p>Llegando al fin de la conciliaci\u00f3n obligatoria, la paritaria aceitera sigue en conflicto y no se avecina una soluci\u00f3n al pedido de aumento solicitado por el Sindicato de Obreros y Empleados Aceiteros del Departamento San Lorenzo.<\/p>\n\n\n\n<p>Desde el gremio, el secretario general Daniel Succi sostuvo que \u201clas empresas no tienen ni un cachito de ganas de acordar. Ofrecen aumentos insignificantes y pretenden atarnos al \u00edndice de inflaci\u00f3n del Indec, que todos sabemos que es mentiroso\u201d.<\/p>\n\n\n\n<p>Por otro lado, desde la C\u00e1mara de la Industria Aceitera de la Rep\u00fablica Argentina, sostuvieron en un comunicado dirigido a \u201clos l\u00edderes sindicales\u201d, \u201cque tengan intenciones reales de acordar y evitar paros que perjudicar\u00e1n tanto a la industria como a los trabajadores directos, los de otros gremios concurrentes y sus familias\u201d.<\/p>\n\n\n\n<p>La postura sindical es la de un aumento del 26%, mientras que desde el lado empresarial no buscan moverse del \u00cdndice de Precios al Consumidor del INDEC. En la \u00faltima audiencia celebrada en la Secretar\u00eda de Trabajo, llegaron a ofrecer una suma no remunerativa de 125 mil pesos que fue rechazada.&nbsp;<\/p>\n\n\n\n<p>De no haber este mi\u00e9rcoles una resoluci\u00f3n, las entidades sindicales podr\u00edan recurrir a una medida de fuerza, algo que las terminales agroexportadoras buscan evitar para continuar con los compromisos en el mercado internacional.<\/p>\n","protected":false},"excerpt":{"rendered":"<p>Llegando al fin de la conciliaci\u00f3n obligatoria, la paritaria aceitera sigue en conflicto y no se avecina una soluci\u00f3n al pedido de aumento solicitado por el Sindicato de Obreros y Empleados Aceiteros del Departamento San Lorenzo. Desde el gremio, el secretario general Daniel Succi sostuvo que \u201clas empresas no tienen ni un cachito de ganas [&hellip;]<\/p>\n","protected":false},"author":9,"featured_media":1350,"comment_status":"closed","ping_status":"open","sticky":false,"template":"","format":"standard","meta":{"tdm_status":"","tdm_grid_status":"","footnotes":""},"categories":[8],"tags":[254,875,226,58,54],"class_list":{"0":"post-19192","1":"post","2":"type-post","3":"status-publish","4":"format-standard","5":"has-post-thumbnail","7":"category-politica","8":"tag-aceiteros","9":"tag-ciara","10":"tag-gremiales","11":"tag-san-lorenzo","12":"tag-soea"},"_links":{"self":[{"href":"https:\/\/www.noticiasmas.com.ar\/index.php\/wp-json\/wp\/v2\/posts\/19192","targetHints":{"allow":["GET"]}}],"collection":[{"href":"https:\/\/www.noticiasmas.com.ar\/index.php\/wp-json\/wp\/v2\/posts"}],"about":[{"href":"https:\/\/www.noticiasmas.com.ar\/index.php\/wp-json\/wp\/v2\/types\/post"}],"author":[{"embeddable":true,"href":"https:\/\/www.noticiasmas.com.ar\/index.php\/wp-json\/wp\/v2\/users\/9"}],"replies":[{"embeddable":true,"href":"https:\/\/www.noticiasmas.com.ar\/index.php\/wp-json\/wp\/v2\/comments?post=19192"}],"version-history":[{"count":1,"href":"https:\/\/www.noticiasmas.com.ar\/index.php\/wp-json\/wp\/v2\/posts\/19192\/revisions"}],"predecessor-version":[{"id":19193,"href":"https:\/\/www.noticiasmas.com.ar\/index.php\/wp-json\/wp\/v2\/posts\/19192\/revisions\/19193"}],"wp:featuredmedia":[{"embeddable":true,"href":"https:\/\/www.noticiasmas.com.ar\/index.php\/wp-json\/wp\/v2\/media\/1350"}],"wp:attachment":[{"href":"https:\/\/www.noticiasmas.com.ar\/index.php\/wp-json\/wp\/v2\/media?parent=19192"}],"wp:term":[{"taxonomy":"category","embeddable":true,"href":"https:\/\/www.noticiasmas.com.ar\/index.php\/wp-json\/wp\/v2\/categories?post=19192"},{"taxonomy":"post_tag","embeddable":true,"href":"https:\/\/www.noticiasmas.com.ar\/index.php\/wp-json\/wp\/v2\/tags?post=19192"}],"curies":[{"name":"wp","href":"https:\/\/api.w.org\/{rel}","templated":true}]}}