{"id":19222,"date":"2025-11-06T19:13:30","date_gmt":"2025-11-06T22:13:30","guid":{"rendered":"https:\/\/www.noticiasmas.com.ar\/?p=19222"},"modified":"2025-11-06T19:13:33","modified_gmt":"2025-11-06T22:13:33","slug":"el-salario-no-es-ganancia-rechazamos-la-reimplementacion-sobre-los-salarios-docentes","status":"publish","type":"post","link":"https:\/\/www.noticiasmas.com.ar\/index.php\/2025\/11\/06\/el-salario-no-es-ganancia-rechazamos-la-reimplementacion-sobre-los-salarios-docentes\/","title":{"rendered":"EL SALARIO NO ES GANANCIA: RECHAZAMOS LA REIMPLEMENTACI\u00d3N SOBRE LOS SALARIOS DOCENTES"},"content":{"rendered":"\n<p>Desde AMSAFE manifestamos nuestro absoluto rechazo a la decisi\u00f3n de volver a descontar el Impuesto a las Ganancias a las y los trabajadores de la educaci\u00f3n de Santa Fe.<\/p>\n\n\n\n<p>En 2024, una medida cautelar presentada por CTERA hab\u00eda logrado que la Justicia ordenara al Gobierno provincial abstenerse de aplicar este impuesto sobre los salarios docentes. Aquella resoluci\u00f3n \u2014resultado de la lucha colectiva de AMSAFE y CTERA\u2014 signific\u00f3 un importante reconocimiento del principio fundamental de que el salario no es ganancia.<\/p>\n\n\n\n<p>Durante m\u00e1s de un a\u00f1o, las y los docentes santafesinos no sufrieron descuentos por este concepto, recuperando parte del poder adquisitivo perdido frente a la inflaci\u00f3n. Sin embargo, tras la revocaci\u00f3n de la cautelar por parte de la C\u00e1mara Contencioso Administrativa Federal, el Gobierno anunci\u00f3 que retomar\u00e1 la aplicaci\u00f3n del impuesto.<\/p>\n\n\n\n<p>De acuerdo con la informaci\u00f3n oficial, las retenciones se har\u00e1n efectivas sobre los haberes de noviembre de 2025 (a percibir en diciembre), con un tope del 35% sobre las remuneraciones brutas mensuales, alcanzando a quienes superen los m\u00ednimos establecidos por ley.<\/p>\n\n\n\n<p>Esta decisi\u00f3n implica un nuevo golpe al bolsillo docente en un contexto de salarios deteriorados y creciente inflaci\u00f3n. Adem\u00e1s, desconoce derechos conquistados colectivamente y vuelve a gravar el trabajo, afectando a miles de educadores y educadoras en toda la provincia.<\/p>\n\n\n\n<p>Desde AMSAFE reiteramos con firmeza:<br>El salario no es ganancia.<br>Exigimos la eliminaci\u00f3n definitiva del impuesto a las y los trabajadores.<\/p>\n","protected":false},"excerpt":{"rendered":"<p>Desde AMSAFE manifestamos nuestro absoluto rechazo a la decisi\u00f3n de volver a descontar el Impuesto a las Ganancias a las y los trabajadores de la educaci\u00f3n de Santa Fe. En 2024, una medida cautelar presentada por CTERA hab\u00eda logrado que la Justicia ordenara al Gobierno provincial abstenerse de aplicar este impuesto sobre los salarios docentes. [&hellip;]<\/p>\n","protected":false},"author":5,"featured_media":9160,"comment_status":"closed","ping_status":"open","sticky":false,"template":"","format":"standard","meta":{"tdm_status":"","tdm_grid_status":"","footnotes":""},"categories":[14],"tags":[800,226,535,5820,18],"class_list":{"0":"post-19222","1":"post","2":"type-post","3":"status-publish","4":"format-standard","5":"has-post-thumbnail","7":"category-provinciales","8":"tag-amsafe","9":"tag-gremiales","10":"tag-rechazo","11":"tag-reimplementacion-salario-docente","12":"tag-santa-fe"},"_links":{"self":[{"href":"https:\/\/www.noticiasmas.com.ar\/index.php\/wp-json\/wp\/v2\/posts\/19222","targetHints":{"allow":["GET"]}}],"collection":[{"href":"https:\/\/www.noticiasmas.com.ar\/index.php\/wp-json\/wp\/v2\/posts"}],"about":[{"href":"https:\/\/www.noticiasmas.com.ar\/index.php\/wp-json\/wp\/v2\/types\/post"}],"author":[{"embeddable":true,"href":"https:\/\/www.noticiasmas.com.ar\/index.php\/wp-json\/wp\/v2\/users\/5"}],"replies":[{"embeddable":true,"href":"https:\/\/www.noticiasmas.com.ar\/index.php\/wp-json\/wp\/v2\/comments?post=19222"}],"version-history":[{"count":1,"href":"https:\/\/www.noticiasmas.com.ar\/index.php\/wp-json\/wp\/v2\/posts\/19222\/revisions"}],"predecessor-version":[{"id":19223,"href":"https:\/\/www.noticiasmas.com.ar\/index.php\/wp-json\/wp\/v2\/posts\/19222\/revisions\/19223"}],"wp:featuredmedia":[{"embeddable":true,"href":"https:\/\/www.noticiasmas.com.ar\/index.php\/wp-json\/wp\/v2\/media\/9160"}],"wp:attachment":[{"href":"https:\/\/www.noticiasmas.com.ar\/index.php\/wp-json\/wp\/v2\/media?parent=19222"}],"wp:term":[{"taxonomy":"category","embeddable":true,"href":"https:\/\/www.noticiasmas.com.ar\/index.php\/wp-json\/wp\/v2\/categories?post=19222"},{"taxonomy":"post_tag","embeddable":true,"href":"https:\/\/www.noticiasmas.com.ar\/index.php\/wp-json\/wp\/v2\/tags?post=19222"}],"curies":[{"name":"wp","href":"https:\/\/api.w.org\/{rel}","templated":true}]}}