{"id":19228,"date":"2025-11-06T19:26:21","date_gmt":"2025-11-06T22:26:21","guid":{"rendered":"https:\/\/www.noticiasmas.com.ar\/?p=19228"},"modified":"2025-11-06T19:26:24","modified_gmt":"2025-11-06T22:26:24","slug":"ate-y-cta-autonoma-rosario-plantearon-que-la-reforma-laboral-del-gobierno-nacional-es-volver-al-siglo-19","status":"publish","type":"post","link":"https:\/\/www.noticiasmas.com.ar\/index.php\/2025\/11\/06\/ate-y-cta-autonoma-rosario-plantearon-que-la-reforma-laboral-del-gobierno-nacional-es-volver-al-siglo-19\/","title":{"rendered":"ATE Y CTA AUT\u00d3NOMA ROSARIO PLANTEARON QUE LA REFORMA LABORAL DEL GOBIERNO NACIONAL: &#8220;ES VOLVER AL SIGLO 19&#8221;"},"content":{"rendered":"\n<p>Desde ATE y la CTA Aut\u00f3noma Rosario emitieron un comunicado donde se\u00f1alaron que el proyecto de reforma laboral presentado por Romina Diez -referente santafesina de la Libertad Avanza &#8211; \u201ces volver al siglo 19, a la esclavitud laboral\u201d.<\/p>\n\n\n\n<p>En ese contexto, las entidades gremiales plantearon que, \u201ccuando los pa\u00edses que se se\u00f1alan como avanzados discuten la reducci\u00f3n de la jornada laboral, incluso desde la perspectiva de la productividad, esta gente que posiblemente nunca labur\u00f3 viene a querer imponer jornadas de doce horas\u201d.<\/p>\n\n\n\n<p>Es muy importante recordar que la patronal y los trabajadores y trabajadoras \u201cno partimos de una igualdad al negociar, sea en una empresa o en el Estado. Entonces plantear que el acuerdo entre partes es positivo y que hay que anular los convenios colectivos de trabajo es someternos a la voluntad de la patronal\u201d, dejaron en claro ATE y CTA Aut\u00f3noma Rosario.<\/p>\n\n\n\n<p>Ahora bien, las entidades gremiales el esp\u00edritu de la reforma laboral aparte de precarizar a los trabajadores tiene por objetivo sacarse del medio a los sindicatos: \u201cComo dec\u00eda un dirigente importante de nuestra ATE, para todos los jefes, todas las patronales, el mejor sindicato es el que no existe. Por eso quieren romper con las conquistas que estas organizaciones vamos teniendo. Y destruir la existencia misma de los sindicatos\u201d, plantearon.<\/p>\n\n\n\n<p>LEY QUE ATRASA<\/p>\n\n\n\n<p>Para ATE y CTA Aut\u00f3noma Rosario: \u201cExiste hace tiempo una aplicaci\u00f3n de hecho de la reforma laboral, por la precariedad extendida contra la que muchos funcionarios auto percibidos progresistas y sindicalistas no lucharon\u201d. Pero \u201cque se plasme en una ley ser\u00eda un retroceso asimilable a borrar 120 a\u00f1os de historia de luchas obreras\u201d, apuntaron.<\/p>\n\n\n\n<p>\u201cVamos a estar en las calles, peleando en unidad con quienes est\u00e9n dispuestos a la pelea. Porque los derechos, la dignidad y el futuro de este pueblo y nuestras familias no se negocia.\u201d, complet\u00f3 el comunicado.<\/p>\n","protected":false},"excerpt":{"rendered":"<p>Desde ATE y la CTA Aut\u00f3noma Rosario emitieron un comunicado donde se\u00f1alaron que el proyecto de reforma laboral presentado por Romina Diez -referente santafesina de la Libertad Avanza &#8211; \u201ces volver al siglo 19, a la esclavitud laboral\u201d. En ese contexto, las entidades gremiales plantearon que, \u201ccuando los pa\u00edses que se se\u00f1alan como avanzados discuten [&hellip;]<\/p>\n","protected":false},"author":5,"featured_media":19229,"comment_status":"closed","ping_status":"open","sticky":false,"template":"","format":"standard","meta":{"tdm_status":"","tdm_grid_status":"","footnotes":""},"categories":[13],"tags":[897,4315,1441,163,5822],"class_list":{"0":"post-19228","1":"post","2":"type-post","3":"status-publish","4":"format-standard","5":"has-post-thumbnail","7":"category-region","8":"tag-ate","9":"tag-cta-autonoma","10":"tag-reforma-laboral","11":"tag-rosario","12":"tag-volver-al-siglo-19"},"_links":{"self":[{"href":"https:\/\/www.noticiasmas.com.ar\/index.php\/wp-json\/wp\/v2\/posts\/19228","targetHints":{"allow":["GET"]}}],"collection":[{"href":"https:\/\/www.noticiasmas.com.ar\/index.php\/wp-json\/wp\/v2\/posts"}],"about":[{"href":"https:\/\/www.noticiasmas.com.ar\/index.php\/wp-json\/wp\/v2\/types\/post"}],"author":[{"embeddable":true,"href":"https:\/\/www.noticiasmas.com.ar\/index.php\/wp-json\/wp\/v2\/users\/5"}],"replies":[{"embeddable":true,"href":"https:\/\/www.noticiasmas.com.ar\/index.php\/wp-json\/wp\/v2\/comments?post=19228"}],"version-history":[{"count":1,"href":"https:\/\/www.noticiasmas.com.ar\/index.php\/wp-json\/wp\/v2\/posts\/19228\/revisions"}],"predecessor-version":[{"id":19230,"href":"https:\/\/www.noticiasmas.com.ar\/index.php\/wp-json\/wp\/v2\/posts\/19228\/revisions\/19230"}],"wp:featuredmedia":[{"embeddable":true,"href":"https:\/\/www.noticiasmas.com.ar\/index.php\/wp-json\/wp\/v2\/media\/19229"}],"wp:attachment":[{"href":"https:\/\/www.noticiasmas.com.ar\/index.php\/wp-json\/wp\/v2\/media?parent=19228"}],"wp:term":[{"taxonomy":"category","embeddable":true,"href":"https:\/\/www.noticiasmas.com.ar\/index.php\/wp-json\/wp\/v2\/categories?post=19228"},{"taxonomy":"post_tag","embeddable":true,"href":"https:\/\/www.noticiasmas.com.ar\/index.php\/wp-json\/wp\/v2\/tags?post=19228"}],"curies":[{"name":"wp","href":"https:\/\/api.w.org\/{rel}","templated":true}]}}