{"id":19237,"date":"2025-11-06T19:46:29","date_gmt":"2025-11-06T22:46:29","guid":{"rendered":"https:\/\/www.noticiasmas.com.ar\/?p=19237"},"modified":"2025-11-06T19:46:32","modified_gmt":"2025-11-06T22:46:32","slug":"taekwondo-el-intendente-cominelli-reconocio-al-campeon-mundial-francisco-kern","status":"publish","type":"post","link":"https:\/\/www.noticiasmas.com.ar\/index.php\/2025\/11\/06\/taekwondo-el-intendente-cominelli-reconocio-al-campeon-mundial-francisco-kern\/","title":{"rendered":"Taekwondo: El intendente Cominelli reconoci\u00f3 al campe\u00f3n mundial Francisco Kern"},"content":{"rendered":"\n<p>El intendente municipal de Fray Luis Beltr\u00e1n, Mariano Cominelli, recibi\u00f3 en el edificio municipal al joven deportista beltranense Francisco Kern, reciente campe\u00f3n mundial de Taekwondo ITF con la Selecci\u00f3n Argentina.<\/p>\n\n\n\n<p><br>Durante el encuentro, Francisco fue distinguido con una menci\u00f3n especial y un decreto de \u201cDeportista Destacado\u201d, en reconocimiento a su trayectoria y a su notable desempe\u00f1o internacional.<\/p>\n\n\n\n<p><br>Con solo 14 a\u00f1os, Francisco integr\u00f3 el equipo pre junior nacional que se consagr\u00f3 campe\u00f3n en el Mundial disputado en Porec, Croacia, tras vencer en la final a Ucrania. Adem\u00e1s, logr\u00f3 ubicarse entre los ocho mejores del mundo en su categor\u00eda individual (+65 kg).<\/p>\n\n\n\n<figure class=\"wp-block-image size-large\"><img loading=\"lazy\" decoding=\"async\" width=\"1024\" height=\"683\" src=\"https:\/\/www.noticiasmas.com.ar\/wp-content\/uploads\/2025\/11\/Fransisco-Kern-medalla-1024x683.jpg\" alt=\"\" class=\"wp-image-19238\" srcset=\"https:\/\/www.noticiasmas.com.ar\/wp-content\/uploads\/2025\/11\/Fransisco-Kern-medalla-1024x683.jpg 1024w, https:\/\/www.noticiasmas.com.ar\/wp-content\/uploads\/2025\/11\/Fransisco-Kern-medalla-300x200.jpg 300w, https:\/\/www.noticiasmas.com.ar\/wp-content\/uploads\/2025\/11\/Fransisco-Kern-medalla-768x512.jpg 768w, https:\/\/www.noticiasmas.com.ar\/wp-content\/uploads\/2025\/11\/Fransisco-Kern-medalla-150x100.jpg 150w, https:\/\/www.noticiasmas.com.ar\/wp-content\/uploads\/2025\/11\/Fransisco-Kern-medalla-696x464.jpg 696w, https:\/\/www.noticiasmas.com.ar\/wp-content\/uploads\/2025\/11\/Fransisco-Kern-medalla-1068x712.jpg 1068w, https:\/\/www.noticiasmas.com.ar\/wp-content\/uploads\/2025\/11\/Fransisco-Kern-medalla.jpg 1200w\" sizes=\"auto, (max-width: 1024px) 100vw, 1024px\" \/><\/figure>\n\n\n\n<p><br>El joven, que entrena desde los 6 a\u00f1os, ha cosechado t\u00edtulos nacionales e internacionales, consolid\u00e1ndose como una de las grandes promesas del taekwondo argentino y un orgullo para toda la comunidad de Fray Luis Beltr\u00e1n.<\/p>\n","protected":false},"excerpt":{"rendered":"<p>El intendente municipal de Fray Luis Beltr\u00e1n, Mariano Cominelli, recibi\u00f3 en el edificio municipal al joven deportista beltranense Francisco Kern, reciente campe\u00f3n mundial de Taekwondo ITF con la Selecci\u00f3n Argentina. Durante el encuentro, Francisco fue distinguido con una menci\u00f3n especial y un decreto de \u201cDeportista Destacado\u201d, en reconocimiento a su trayectoria y a su notable [&hellip;]<\/p>\n","protected":false},"author":5,"featured_media":19239,"comment_status":"closed","ping_status":"open","sticky":false,"template":"","format":"standard","meta":{"tdm_status":"","tdm_grid_status":"","footnotes":""},"categories":[10],"tags":[5826,5824,335,2340,5825],"class_list":{"0":"post-19237","1":"post","2":"type-post","3":"status-publish","4":"format-standard","5":"has-post-thumbnail","7":"category-deportes","8":"tag-campeon-mundial","9":"tag-fransisco-kern","10":"tag-fray-luis-beltran","11":"tag-reconocimiento","12":"tag-taekwondo"},"_links":{"self":[{"href":"https:\/\/www.noticiasmas.com.ar\/index.php\/wp-json\/wp\/v2\/posts\/19237","targetHints":{"allow":["GET"]}}],"collection":[{"href":"https:\/\/www.noticiasmas.com.ar\/index.php\/wp-json\/wp\/v2\/posts"}],"about":[{"href":"https:\/\/www.noticiasmas.com.ar\/index.php\/wp-json\/wp\/v2\/types\/post"}],"author":[{"embeddable":true,"href":"https:\/\/www.noticiasmas.com.ar\/index.php\/wp-json\/wp\/v2\/users\/5"}],"replies":[{"embeddable":true,"href":"https:\/\/www.noticiasmas.com.ar\/index.php\/wp-json\/wp\/v2\/comments?post=19237"}],"version-history":[{"count":1,"href":"https:\/\/www.noticiasmas.com.ar\/index.php\/wp-json\/wp\/v2\/posts\/19237\/revisions"}],"predecessor-version":[{"id":19240,"href":"https:\/\/www.noticiasmas.com.ar\/index.php\/wp-json\/wp\/v2\/posts\/19237\/revisions\/19240"}],"wp:featuredmedia":[{"embeddable":true,"href":"https:\/\/www.noticiasmas.com.ar\/index.php\/wp-json\/wp\/v2\/media\/19239"}],"wp:attachment":[{"href":"https:\/\/www.noticiasmas.com.ar\/index.php\/wp-json\/wp\/v2\/media?parent=19237"}],"wp:term":[{"taxonomy":"category","embeddable":true,"href":"https:\/\/www.noticiasmas.com.ar\/index.php\/wp-json\/wp\/v2\/categories?post=19237"},{"taxonomy":"post_tag","embeddable":true,"href":"https:\/\/www.noticiasmas.com.ar\/index.php\/wp-json\/wp\/v2\/tags?post=19237"}],"curies":[{"name":"wp","href":"https:\/\/api.w.org\/{rel}","templated":true}]}}