{"id":19269,"date":"2025-11-07T19:24:03","date_gmt":"2025-11-07T22:24:03","guid":{"rendered":"https:\/\/www.noticiasmas.com.ar\/?p=19269"},"modified":"2025-11-07T19:24:06","modified_gmt":"2025-11-07T22:24:06","slug":"alerta-coqueluche-aumento-de-casos-en-argentina-con-especial-impacto-en-menores-de-un-ano","status":"publish","type":"post","link":"https:\/\/www.noticiasmas.com.ar\/index.php\/2025\/11\/07\/alerta-coqueluche-aumento-de-casos-en-argentina-con-especial-impacto-en-menores-de-un-ano\/","title":{"rendered":"Alerta coqueluche: aumento de casos en Argentina, con especial impacto en menores de un a\u00f1o"},"content":{"rendered":"\n<p>El Municipio de Granadero Baigorria informa que ya se lanz\u00f3 alerta epidemiol\u00f3gica ante el incremento de casos de coqueluche (tos convulsa o tos ferina) en distintas jurisdicciones del pa\u00eds. \u00bfQu\u00e9 hay que tener en cuenta?<\/p>\n\n\n\n<p>La coqueluche es una enfermedad respiratoria altamente contagiosa, causada por&nbsp;<em>Bordetella pertussis<\/em>, que puede ser grave, especialmente en beb\u00e9s menores de un a\u00f1o.<\/p>\n\n\n\n<p><strong>La principal medida de prevenci\u00f3n es la vacunaci\u00f3n.<\/strong><\/p>\n\n\n\n<p><strong>Recomendaciones para la comunidad:<\/strong><\/p>\n\n\n\n<ul class=\"wp-block-list\">\n<li>Verificar que los ni\u00f1os y ni\u00f1as tengan su esquema de vacunaci\u00f3n completo: 2, 4, 6 y 18 meses; ingreso escolar; 11 a\u00f1os.<\/li>\n\n\n\n<li>Vacunarse en cada embarazo, a partir de la semana 20 de gestaci\u00f3n, protege al reci\u00e9n nacido desde el nacimiento.<\/li>\n\n\n\n<li>Revisar el carnet de vacunaci\u00f3n de toda la familia y mantenerlo al d\u00eda.<\/li>\n\n\n\n<li>El equipo de salud que est\u00e9 en contacto con menores de un a\u00f1o, debe aplicarse un refuerzo cada 5 a\u00f1os.<\/li>\n\n\n\n<li>Mantener una correcta higiene respiratoria y de manos.<\/li>\n\n\n\n<li>Consultar r\u00e1pidamente ante tos persistente, v\u00f3mitos post-tos o contacto con casos confirmados.<\/li>\n\n\n\n<li>No automedicarse y completar el tratamiento antibi\u00f3tico seg\u00fan indicaci\u00f3n m\u00e9dica.<\/li>\n\n\n\n<li>Evitar el contacto con personas vulnerables (lactantes, embarazadas e inmunocomprometidos) si se presentan s\u00edntomas respiratorios.<\/li>\n<\/ul>\n\n\n\n<p>Importante recordar<strong>:<\/strong>&nbsp;la vacunaci\u00f3n no solo protege a quien se vacuna, tambi\u00e9n protege a quienes m\u00e1s lo necesitan.<\/p>\n","protected":false},"excerpt":{"rendered":"<p>El Municipio de Granadero Baigorria informa que ya se lanz\u00f3 alerta epidemiol\u00f3gica ante el incremento de casos de coqueluche (tos convulsa o tos ferina) en distintas jurisdicciones del pa\u00eds. \u00bfQu\u00e9 hay que tener en cuenta? La coqueluche es una enfermedad respiratoria altamente contagiosa, causada por&nbsp;Bordetella pertussis, que puede ser grave, especialmente en beb\u00e9s menores de [&hellip;]<\/p>\n","protected":false},"author":5,"featured_media":19270,"comment_status":"closed","ping_status":"open","sticky":false,"template":"","format":"standard","meta":{"tdm_status":"","tdm_grid_status":"","footnotes":""},"categories":[13],"tags":[640,5836,246,594,5837],"class_list":{"0":"post-19269","1":"post","2":"type-post","3":"status-publish","4":"format-standard","5":"has-post-thumbnail","7":"category-region","8":"tag-alerta-epidemiologica","9":"tag-coqueluche","10":"tag-granadero-baigorria","11":"tag-recomendaciones","12":"tag-tos-convulsa"},"_links":{"self":[{"href":"https:\/\/www.noticiasmas.com.ar\/index.php\/wp-json\/wp\/v2\/posts\/19269","targetHints":{"allow":["GET"]}}],"collection":[{"href":"https:\/\/www.noticiasmas.com.ar\/index.php\/wp-json\/wp\/v2\/posts"}],"about":[{"href":"https:\/\/www.noticiasmas.com.ar\/index.php\/wp-json\/wp\/v2\/types\/post"}],"author":[{"embeddable":true,"href":"https:\/\/www.noticiasmas.com.ar\/index.php\/wp-json\/wp\/v2\/users\/5"}],"replies":[{"embeddable":true,"href":"https:\/\/www.noticiasmas.com.ar\/index.php\/wp-json\/wp\/v2\/comments?post=19269"}],"version-history":[{"count":1,"href":"https:\/\/www.noticiasmas.com.ar\/index.php\/wp-json\/wp\/v2\/posts\/19269\/revisions"}],"predecessor-version":[{"id":19271,"href":"https:\/\/www.noticiasmas.com.ar\/index.php\/wp-json\/wp\/v2\/posts\/19269\/revisions\/19271"}],"wp:featuredmedia":[{"embeddable":true,"href":"https:\/\/www.noticiasmas.com.ar\/index.php\/wp-json\/wp\/v2\/media\/19270"}],"wp:attachment":[{"href":"https:\/\/www.noticiasmas.com.ar\/index.php\/wp-json\/wp\/v2\/media?parent=19269"}],"wp:term":[{"taxonomy":"category","embeddable":true,"href":"https:\/\/www.noticiasmas.com.ar\/index.php\/wp-json\/wp\/v2\/categories?post=19269"},{"taxonomy":"post_tag","embeddable":true,"href":"https:\/\/www.noticiasmas.com.ar\/index.php\/wp-json\/wp\/v2\/tags?post=19269"}],"curies":[{"name":"wp","href":"https:\/\/api.w.org\/{rel}","templated":true}]}}