{"id":19286,"date":"2025-11-07T20:12:32","date_gmt":"2025-11-07T23:12:32","guid":{"rendered":"https:\/\/www.noticiasmas.com.ar\/?p=19286"},"modified":"2025-11-07T20:12:35","modified_gmt":"2025-11-07T23:12:35","slug":"los-docentes-de-la-unr-realizaran-un-paro-de-72-horas-semana-que-viene","status":"publish","type":"post","link":"https:\/\/www.noticiasmas.com.ar\/index.php\/2025\/11\/07\/los-docentes-de-la-unr-realizaran-un-paro-de-72-horas-semana-que-viene\/","title":{"rendered":"LOS DOCENTES DE LA UNR REALIZAR\u00c1N UN PARO DE 72 HORAS SEMANA QUE VIENE"},"content":{"rendered":"\n<p>Comienza el mi\u00e9rcoles 12 al viernes 14 de noviembre. Pese al paro, los docentes resolvieron no afectar las mesas de ex\u00e1menes de fin de a\u00f1o con medidas de fuerza.<\/p>\n\n\n\n<p>Los docentes de la UNR nucleados en la Asociaci\u00f3n Gremial de Docentes e Investigadores de la UNR (COAD) realizar\u00e1n una medida de fuerza de 72 horas la semana que viene y obedece a un paro nacional dispuesto este viernes por la Conadu.<\/p>\n\n\n\n<p>&#8220;La votaci\u00f3n nacional arroj\u00f3 como resultado una masiva voluntad de la docencia por profundizar el plan de lucha por salarios dignos y m\u00e1s presupuesto&#8221;, se\u00f1alaron desde la Coad.<\/p>\n\n\n\n<p>La huelga fue lanzada este viernes por la ma\u00f1ana en plenario de secretarios generales de Conadu.<\/p>\n\n\n\n<p>En la UNR, participaron 2.160 docentes. El 82% apoy\u00f3 la moci\u00f3n de &#8220;paro con acciones&#8221; y un 68,5% opt\u00f3 por medidas de 72 horas, entre otros puntos consultados.<\/p>\n\n\n\n<p>Lo importante a destacar es que pese al paro, los docentes resolvieron no afectar las mesas de ex\u00e1menes de fin de a\u00f1o con medidas de fuerza.<\/p>\n\n\n\n<p>Otro de los puntos acordados fue que, si no hay respuestas positivas del gobierno, iniciar\u00e1n el a\u00f1o 2026 &#8220;con acciones de protesta y paros, a definir en pr\u00f3ximas instancias y en coordinaci\u00f3n con las otras federaciones docentes&#8221;.<\/p>\n\n\n\n<p>Adem\u00e1s, impulsaron &#8220;realizar una presentaci\u00f3n judicial para exigir la aplicaci\u00f3n de la Ley de Financiamiento Universitario&#8221;.<\/p>\n\n\n\n<p>&#8220;Con esta definici\u00f3n, lxs docentes de todo el pa\u00eds nos encaminamos a una nueva semana de protesta, nacional y federal, en la que pararemos todas las universidades y realizaremos distintas actividades de visibilizaci\u00f3n. El Gobierno de Milei, en su af\u00e1n de destruir nuestros salarios y la universidad p\u00fablica, incumple la Ley de Financiamiento Universitario y mantiene cerrada la paritaria nacional docente&#8221;, agregaron en un comunicado.<\/p>\n","protected":false},"excerpt":{"rendered":"<p>Comienza el mi\u00e9rcoles 12 al viernes 14 de noviembre. Pese al paro, los docentes resolvieron no afectar las mesas de ex\u00e1menes de fin de a\u00f1o con medidas de fuerza. Los docentes de la UNR nucleados en la Asociaci\u00f3n Gremial de Docentes e Investigadores de la UNR (COAD) realizar\u00e1n una medida de fuerza de 72 horas [&hellip;]<\/p>\n","protected":false},"author":5,"featured_media":19287,"comment_status":"closed","ping_status":"open","sticky":false,"template":"","format":"standard","meta":{"tdm_status":"","tdm_grid_status":"","footnotes":""},"categories":[1,13],"tags":[324,2072,2349,4459,163,546],"class_list":{"0":"post-19286","1":"post","2":"type-post","3":"status-publish","4":"format-standard","5":"has-post-thumbnail","7":"category-nacionales","8":"category-region","9":"tag-argentina","10":"tag-coad","11":"tag-conadu","12":"tag-medidas-de-fuerza","13":"tag-rosario","14":"tag-unr"},"_links":{"self":[{"href":"https:\/\/www.noticiasmas.com.ar\/index.php\/wp-json\/wp\/v2\/posts\/19286","targetHints":{"allow":["GET"]}}],"collection":[{"href":"https:\/\/www.noticiasmas.com.ar\/index.php\/wp-json\/wp\/v2\/posts"}],"about":[{"href":"https:\/\/www.noticiasmas.com.ar\/index.php\/wp-json\/wp\/v2\/types\/post"}],"author":[{"embeddable":true,"href":"https:\/\/www.noticiasmas.com.ar\/index.php\/wp-json\/wp\/v2\/users\/5"}],"replies":[{"embeddable":true,"href":"https:\/\/www.noticiasmas.com.ar\/index.php\/wp-json\/wp\/v2\/comments?post=19286"}],"version-history":[{"count":1,"href":"https:\/\/www.noticiasmas.com.ar\/index.php\/wp-json\/wp\/v2\/posts\/19286\/revisions"}],"predecessor-version":[{"id":19288,"href":"https:\/\/www.noticiasmas.com.ar\/index.php\/wp-json\/wp\/v2\/posts\/19286\/revisions\/19288"}],"wp:featuredmedia":[{"embeddable":true,"href":"https:\/\/www.noticiasmas.com.ar\/index.php\/wp-json\/wp\/v2\/media\/19287"}],"wp:attachment":[{"href":"https:\/\/www.noticiasmas.com.ar\/index.php\/wp-json\/wp\/v2\/media?parent=19286"}],"wp:term":[{"taxonomy":"category","embeddable":true,"href":"https:\/\/www.noticiasmas.com.ar\/index.php\/wp-json\/wp\/v2\/categories?post=19286"},{"taxonomy":"post_tag","embeddable":true,"href":"https:\/\/www.noticiasmas.com.ar\/index.php\/wp-json\/wp\/v2\/tags?post=19286"}],"curies":[{"name":"wp","href":"https:\/\/api.w.org\/{rel}","templated":true}]}}