{"id":19301,"date":"2025-11-10T08:40:43","date_gmt":"2025-11-10T11:40:43","guid":{"rendered":"https:\/\/www.noticiasmas.com.ar\/?p=19301"},"modified":"2025-11-10T08:40:46","modified_gmt":"2025-11-10T11:40:46","slug":"la-inscripcion-a-la-policia-de-santa-fe-se-extiende-hasta-el-30-de-noviembre","status":"publish","type":"post","link":"https:\/\/www.noticiasmas.com.ar\/index.php\/2025\/11\/10\/la-inscripcion-a-la-policia-de-santa-fe-se-extiende-hasta-el-30-de-noviembre\/","title":{"rendered":"La inscripci\u00f3n a la Polic\u00eda de Santa Fe se extiende hasta el 30 de noviembre"},"content":{"rendered":"\n<p>El Gobierno de Santa Fe, a trav\u00e9s del Ministerio de Justicia y Seguridad, dispuso extender el per\u00edodo de inscripci\u00f3n online para incorporarse al Servicio Penitenciario, exclusivamente para postulantes varones de las zonas centro y sur de la provincia. As\u00ed qued\u00f3 establecido en la resoluci\u00f3n N\u00ba 3180 del 7 de noviembre de 2025, que lleva la firma del ministro Pablo Cococcioni.<br>De esta manera, el per\u00edodo de inscripci\u00f3n se extendi\u00f3 hasta el pr\u00f3ximo domingo 30 de noviembre inclusive, mientras que el plazo de entrega de documentaci\u00f3n requerida se ampli\u00f3 hasta el s\u00e1bado 13 de diciembre.<\/p>\n\n\n\n<p>\u201cSe trata del escalaf\u00f3n suboficiales dentro un cupo de 800 personas que prev\u00e9 un 75 % de ingresos masculinos. Por lo tanto, la extensi\u00f3n de plazo es solamente para varones\u201d, explic\u00f3 la secretaria de Asuntos Penales, Luc\u00eda Masneri. Adem\u00e1s, la funcionaria remarc\u00f3 que \u201cel plan de seguridad dise\u00f1ado por el gobernador Maximiliano Pullaro contempla, entre otras acciones pol\u00edticas, el desarrollo de obras p\u00fablicas penitenciarias para que los efectivos de la Polic\u00eda de Santa Fe dejen de cuidar presos en comisar\u00edas; y el ejercicio de un estricto control en las c\u00e1rceles de la provincia para que los santafesinos puedan vivir mejor\u201d.<\/p>\n\n\n\n<p>A fines de marzo pasado, con una inversi\u00f3n de m\u00e1s de $ 109.000 millones, el Gobierno de Santa Fe comenz\u00f3 a construir El Infierno, tal como se la conocer\u00e1 a la c\u00e1rcel para presos de alto perfil situada en la localidad de Pi\u00f1ero. El Centro de Reclusi\u00f3n para Internos de Alto Perfil, El Infierno, estar\u00e1 ubicado en la Ruta Nacional AO12 y la Ruta Nacional 14, muy cerca de la Unidad Penitenciaria N\u00ba11 de Pi\u00f1ero. \u201cEste proceso de inscripci\u00f3n de agentes forma parte del plan de seguridad que llevamos adelante desde la gesti\u00f3n del gobernador Pullaro, con el objetivo de fortalecer el plantel penitenciario a partir de las obras de infraestructura que se vienen desarrollando\u201d, apunt\u00f3 Masneri.<\/p>\n\n\n\n<p><strong>Por qu\u00e9 un 75 % de varones<\/strong><\/p>\n\n\n\n<p>Masneri fundament\u00f3 la b\u00fasqueda de penitenciarios varones a partir de los cupos que se abrir\u00e1n cuando finalicen las obras en El Infierno, la c\u00e1rcel de alto perfil que se construye en Pi\u00f1ero. As\u00ed, inform\u00f3 que \u201call\u00ed se alojar\u00e1n m\u00e1s de 1000 presos varones. Y los agentes que tengan que realizar funciones dentro del penal deben ser del mismo g\u00e9nero que los internos a cuidar. Por tal motivo buscamos que se incorporen varones de entre 18 y 28 a\u00f1os que, por supuesto, luego tendr\u00e1n que superar las pruebas que se realizan con posterioridad a la inscripci\u00f3n. Todo dentro de un plan que llevar\u00e1 a incorporar a 2.600 agentes penitenciarios en esta gesti\u00f3n. Se trata de una carrera que a partir de este a\u00f1o tiene certificaci\u00f3n profesional, avalado tanto por Provincia como por Naci\u00f3n\u201d, resalt\u00f3 la secretaria de Asuntos Penales.<\/p>\n\n\n\n<p><strong>Detalles de la obra<\/strong><\/p>\n\n\n\n<p>La nueva C\u00e1rcel de Alto Perfil tendr\u00e1 caracter\u00edsticas edilicias particulares y estar\u00e1 compuesta por 4 minipenales y un edificio de gobierno general, por donde se realizar\u00e1 el ingreso. Tendr\u00e1 un doble muro perimetral de 1.800 metros de largo por 10 metros de alto, con circulaci\u00f3n vehicular por debajo y circulaci\u00f3n peatonal por arriba. Adem\u00e1s, cada 70 metros tendr\u00e1 un torre\u00f3n de vigilancia. En el fondo del penal habr\u00e1 una torre de 36 metros de alto para tener una vista de 360 grados.<\/p>\n\n\n\n<p>Cada uno de los 4 minipenales tiene 6 pabellones de 2 pisos, con 2 alas. En cada ala habr\u00e1 12 celdas individuales de hormig\u00f3n premoldeado que se construir\u00e1n en dos plantas. En total habr\u00e1 288 celdas por minipenal y 1.152 plazas en todo el complejo. Cada minipenal tendr\u00e1 su patio de uso individual restringido. Tambi\u00e9n contar\u00e1 con boxes individuales para comunicarse por medio de un blindex y para no tener contacto f\u00edsico. Tendr\u00e1 sistema de salud a trav\u00e9s de atenci\u00f3n intramuros para minimizar el traslado, una sala de conferencias y un helipuerto.&nbsp;<\/p>\n\n\n\n<p><strong>Condiciones de ingreso al Servicio Penitenciario<\/strong><\/p>\n\n\n\n<p>Los aspirantes varones que residan en el centro y sur de la provincia podr\u00e1n acceder a la plataforma de inscripci\u00f3n en&nbsp;<a href=\"http:\/\/www.santafe.gob.ar\/ms\/spsf\" target=\"_blank\" rel=\"noreferrer noopener\">www.santafe.gob.ar\/ms\/spsf<\/a>. Los requisitos son:&nbsp;<\/p>\n\n\n\n<p>* Ser argentino.<br>* Tener domicilio en la provincia de Santa Fe.<br>* Ser mayor de 18 a\u00f1os y no superar los 28 a\u00f1os al momento de la inscripci\u00f3n.<br>* No tener actuaci\u00f3n contraria a los principios de libertad y democracia de acuerdo con el r\u00e9gimen establecido por la Constituci\u00f3n Nacional.<br>* Acreditar antecedentes honorables y de buena conducta.<br>* No haber sido separado de la Administraci\u00f3n P\u00fablica por exoneraci\u00f3n.<br>* T\u00edtulo secundario.<br>* Poseer las aptitudes f\u00edsicas y ps\u00edquicas que establece la reglamentaci\u00f3n.<\/p>\n\n\n\n<h3 class=\"wp-block-heading\"><\/h3>\n\n\n\n<p><\/p>\n","protected":false},"excerpt":{"rendered":"<p>El Gobierno de Santa Fe, a trav\u00e9s del Ministerio de Justicia y Seguridad, dispuso extender el per\u00edodo de inscripci\u00f3n online para incorporarse al Servicio Penitenciario, exclusivamente para postulantes varones de las zonas centro y sur de la provincia. As\u00ed qued\u00f3 establecido en la resoluci\u00f3n N\u00ba 3180 del 7 de noviembre de 2025, que lleva la [&hellip;]<\/p>\n","protected":false},"author":9,"featured_media":19302,"comment_status":"closed","ping_status":"open","sticky":false,"template":"","format":"standard","meta":{"tdm_status":"","tdm_grid_status":"","footnotes":""},"categories":[9],"tags":[2659,177,18],"class_list":{"0":"post-19301","1":"post","2":"type-post","3":"status-publish","4":"format-standard","5":"has-post-thumbnail","7":"category-policiales","8":"tag-inscripcion-2","9":"tag-policia","10":"tag-santa-fe"},"_links":{"self":[{"href":"https:\/\/www.noticiasmas.com.ar\/index.php\/wp-json\/wp\/v2\/posts\/19301","targetHints":{"allow":["GET"]}}],"collection":[{"href":"https:\/\/www.noticiasmas.com.ar\/index.php\/wp-json\/wp\/v2\/posts"}],"about":[{"href":"https:\/\/www.noticiasmas.com.ar\/index.php\/wp-json\/wp\/v2\/types\/post"}],"author":[{"embeddable":true,"href":"https:\/\/www.noticiasmas.com.ar\/index.php\/wp-json\/wp\/v2\/users\/9"}],"replies":[{"embeddable":true,"href":"https:\/\/www.noticiasmas.com.ar\/index.php\/wp-json\/wp\/v2\/comments?post=19301"}],"version-history":[{"count":1,"href":"https:\/\/www.noticiasmas.com.ar\/index.php\/wp-json\/wp\/v2\/posts\/19301\/revisions"}],"predecessor-version":[{"id":19303,"href":"https:\/\/www.noticiasmas.com.ar\/index.php\/wp-json\/wp\/v2\/posts\/19301\/revisions\/19303"}],"wp:featuredmedia":[{"embeddable":true,"href":"https:\/\/www.noticiasmas.com.ar\/index.php\/wp-json\/wp\/v2\/media\/19302"}],"wp:attachment":[{"href":"https:\/\/www.noticiasmas.com.ar\/index.php\/wp-json\/wp\/v2\/media?parent=19301"}],"wp:term":[{"taxonomy":"category","embeddable":true,"href":"https:\/\/www.noticiasmas.com.ar\/index.php\/wp-json\/wp\/v2\/categories?post=19301"},{"taxonomy":"post_tag","embeddable":true,"href":"https:\/\/www.noticiasmas.com.ar\/index.php\/wp-json\/wp\/v2\/tags?post=19301"}],"curies":[{"name":"wp","href":"https:\/\/api.w.org\/{rel}","templated":true}]}}