{"id":19375,"date":"2025-11-12T10:57:42","date_gmt":"2025-11-12T13:57:42","guid":{"rendered":"https:\/\/www.noticiasmas.com.ar\/?p=19375"},"modified":"2025-11-12T10:57:45","modified_gmt":"2025-11-12T13:57:45","slug":"la-danza-de-las-cuerdas-brillo-en-el-teatro-municipal-de-puerto-general-san-martin","status":"publish","type":"post","link":"https:\/\/www.noticiasmas.com.ar\/index.php\/2025\/11\/12\/la-danza-de-las-cuerdas-brillo-en-el-teatro-municipal-de-puerto-general-san-martin\/","title":{"rendered":"\u201cLa Danza de las Cuerdas\u201d brill\u00f3 en el Teatro Municipal de Puerto General San Mart\u00edn"},"content":{"rendered":"\n<p>En la jornada de ayer, el Teatro de la Ciudad de Puerto General San Mart\u00edn fue escenario de una noche llena de arte, emoci\u00f3n y talento con la presentaci\u00f3n de \u201cLa Danza de las Cuerdas\u201d, un espect\u00e1culo que combin\u00f3 acrobacia a\u00e9rea, danza y m\u00fasica en vivo.<\/p>\n\n\n\n<p><br>La propuesta, protagonizada por el taller de acrobacia sobre telas y la Orquesta de Cuerdas Municipal de Fray Luis Beltr\u00e1n, reuni\u00f3 a m\u00e1s de 80 alumnos en escena, acompa\u00f1ados por artistas invitados que deslumbraron al p\u00fablico con su sensibilidad y destreza.<\/p>\n\n\n\n<p><br>Bajo la direcci\u00f3n de la profesora Carla Messina en la parte acrob\u00e1tica y de Emiliano Zamora al frente de la orquesta, los j\u00f3venes int\u00e9rpretes desplegaron un trabajo de gran nivel t\u00e9cnico y expresivo, fruto de meses de preparaci\u00f3n conjunta.<\/p>\n\n\n\n<p><br>El evento cont\u00f3 con la presencia de m\u00e1s de 300 personas, entre familiares, vecinos y autoridades locales. El intendente de Puerto General San Mart\u00edn, Carlos De Grandis, ofreci\u00f3 el espacio del teatro para concretar este intercambio cultural en el marco del 136\u00ba Aniversario de la ciudad, destacando la importancia de fomentar y acompa\u00f1ar las expresiones art\u00edsticas regionales.<\/p>\n\n\n\n<p><br>Tambi\u00e9n acompa\u00f1\u00f3 el intendente de Fray Luis Beltr\u00e1n, Mariano Cominelli, quien expres\u00f3 su reconocimiento a los docentes, alumnos y equipos organizadores por su compromiso y dedicaci\u00f3n, resaltando el valor de la cultura como herramienta de uni\u00f3n y crecimiento comunitario.<\/p>\n\n\n\n<figure class=\"wp-block-image size-large\"><img loading=\"lazy\" decoding=\"async\" width=\"1024\" height=\"683\" src=\"https:\/\/www.noticiasmas.com.ar\/wp-content\/uploads\/2025\/11\/carlitos-mariano-1024x683.jpg\" alt=\"\" class=\"wp-image-19377\" srcset=\"https:\/\/www.noticiasmas.com.ar\/wp-content\/uploads\/2025\/11\/carlitos-mariano-1024x683.jpg 1024w, https:\/\/www.noticiasmas.com.ar\/wp-content\/uploads\/2025\/11\/carlitos-mariano-300x200.jpg 300w, https:\/\/www.noticiasmas.com.ar\/wp-content\/uploads\/2025\/11\/carlitos-mariano-768x512.jpg 768w, https:\/\/www.noticiasmas.com.ar\/wp-content\/uploads\/2025\/11\/carlitos-mariano-150x100.jpg 150w, https:\/\/www.noticiasmas.com.ar\/wp-content\/uploads\/2025\/11\/carlitos-mariano-696x464.jpg 696w, https:\/\/www.noticiasmas.com.ar\/wp-content\/uploads\/2025\/11\/carlitos-mariano-1068x712.jpg 1068w, https:\/\/www.noticiasmas.com.ar\/wp-content\/uploads\/2025\/11\/carlitos-mariano.jpg 1200w\" sizes=\"auto, (max-width: 1024px) 100vw, 1024px\" \/><\/figure>\n\n\n\n<p><br>Durante la velada, se interpret\u00f3 un repertorio variado que abarc\u00f3 desde obras cl\u00e1sicas hasta piezas de la m\u00fasica popular argentina y latinoamericana, demostrando el talento y la pasi\u00f3n de los integrantes de ambas disciplinas.<\/p>\n\n\n\n<p><br>Las actividades del taller de acrobacia sobre telas y de la orquesta municipal se desarrollan regularmente en la Casa del Bicentenario de Fray Luis Beltr\u00e1n, espacio que contin\u00faa consolid\u00e1ndose como un centro de formaci\u00f3n y producci\u00f3n cultural abierto a toda la comunidad.<\/p>\n\n\n\n<p><\/p>\n","protected":false},"excerpt":{"rendered":"<p>En la jornada de ayer, el Teatro de la Ciudad de Puerto General San Mart\u00edn fue escenario de una noche llena de arte, emoci\u00f3n y talento con la presentaci\u00f3n de \u201cLa Danza de las Cuerdas\u201d, un espect\u00e1culo que combin\u00f3 acrobacia a\u00e9rea, danza y m\u00fasica en vivo. La propuesta, protagonizada por el taller de acrobacia sobre [&hellip;]<\/p>\n","protected":false},"author":5,"featured_media":19378,"comment_status":"closed","ping_status":"open","sticky":false,"template":"","format":"standard","meta":{"tdm_status":"","tdm_grid_status":"","footnotes":""},"categories":[13],"tags":[5866,5865,335,52],"class_list":{"0":"post-19375","1":"post","2":"type-post","3":"status-publish","4":"format-standard","5":"has-post-thumbnail","7":"category-region","8":"tag-136-aniversario","9":"tag-danza-de-las-cuerdas","10":"tag-fray-luis-beltran","11":"tag-puerto-san-martin"},"_links":{"self":[{"href":"https:\/\/www.noticiasmas.com.ar\/index.php\/wp-json\/wp\/v2\/posts\/19375","targetHints":{"allow":["GET"]}}],"collection":[{"href":"https:\/\/www.noticiasmas.com.ar\/index.php\/wp-json\/wp\/v2\/posts"}],"about":[{"href":"https:\/\/www.noticiasmas.com.ar\/index.php\/wp-json\/wp\/v2\/types\/post"}],"author":[{"embeddable":true,"href":"https:\/\/www.noticiasmas.com.ar\/index.php\/wp-json\/wp\/v2\/users\/5"}],"replies":[{"embeddable":true,"href":"https:\/\/www.noticiasmas.com.ar\/index.php\/wp-json\/wp\/v2\/comments?post=19375"}],"version-history":[{"count":1,"href":"https:\/\/www.noticiasmas.com.ar\/index.php\/wp-json\/wp\/v2\/posts\/19375\/revisions"}],"predecessor-version":[{"id":19379,"href":"https:\/\/www.noticiasmas.com.ar\/index.php\/wp-json\/wp\/v2\/posts\/19375\/revisions\/19379"}],"wp:featuredmedia":[{"embeddable":true,"href":"https:\/\/www.noticiasmas.com.ar\/index.php\/wp-json\/wp\/v2\/media\/19378"}],"wp:attachment":[{"href":"https:\/\/www.noticiasmas.com.ar\/index.php\/wp-json\/wp\/v2\/media?parent=19375"}],"wp:term":[{"taxonomy":"category","embeddable":true,"href":"https:\/\/www.noticiasmas.com.ar\/index.php\/wp-json\/wp\/v2\/categories?post=19375"},{"taxonomy":"post_tag","embeddable":true,"href":"https:\/\/www.noticiasmas.com.ar\/index.php\/wp-json\/wp\/v2\/tags?post=19375"}],"curies":[{"name":"wp","href":"https:\/\/api.w.org\/{rel}","templated":true}]}}