{"id":19396,"date":"2025-11-12T21:26:54","date_gmt":"2025-11-13T00:26:54","guid":{"rendered":"https:\/\/www.noticiasmas.com.ar\/?p=19396"},"modified":"2025-11-12T21:26:57","modified_gmt":"2025-11-13T00:26:57","slug":"grave-denuncia-del-gremio-de-los-no-docentes-de-la-unr","status":"publish","type":"post","link":"https:\/\/www.noticiasmas.com.ar\/index.php\/2025\/11\/12\/grave-denuncia-del-gremio-de-los-no-docentes-de-la-unr\/","title":{"rendered":"Grave denuncia del gremio de los No docentes de la  UNR"},"content":{"rendered":"\n<p>El gremio de Trabajadores No Docentes de la UNR ( APUR) denunci\u00f3 &#8221; maniobra irregular&#8221; del decano de la Facultad de Ciencias M\u00e9dicas.<\/p>\n\n\n\n<p>&#8220;<strong>Denunciamos el intento del Decano de la Facultad de Ciencias M\u00e9dicas (FCM) Dr. Jorge Molinas de su in\u00e9dito prop\u00f3sito de apoderarse de nuestras fuentes de trabajo y utilizar partidas presupuestarias que nos corresponden de pleno derecho cuando vive en forma permanente quej\u00e1ndose de que carece de personal no docente para las tareas que nos corresponden de forma espec\u00edfica<\/strong>&#8220;, se\u00f1al\u00f3 en un comunicado el gremio<\/p>\n\n\n\n<p>Dichas partidas fueron creados legalmente en acuerdo paritario en el marco del Convenio Colectivo de Trabajo (Decreto 366\/2006) y forman parte del presupuesto de la Universidad.<\/p>\n\n\n\n<p>Por lo tanto, &#8220;no pueden ser modificadas ni desviadas de su destino original, ni mucho menos suprimidas sin el correspondiente tratamiento paritario&#8221;, indico el parte gremial.<\/p>\n\n\n\n<p>La solicitud del Decano de la FCM Jorge Molinas &#8220;solo puede considerarse como un aprovechamiento intolerante, abusivo y degradante de la pol\u00edtica arbitraria y contraria a la Educaci\u00f3n P\u00fablica, <strong>en un todo de acuerdo a las intenciones de crueldad del Gobierno Nacional actual<\/strong>&#8220;, agrego el parte gremial<\/p>\n\n\n\n<p>Asimismo se manifest\u00f3 que &#8220;Ello sin perjuicio de que tambi\u00e9n puede considerarse un malsano intento de malversaci\u00f3n de caudales p\u00fablicos (art. 260 C\u00f3d. Penal).&#8221;<\/p>\n\n\n\n<p>En funci\u00f3n de todo lo expresado, tanto APUR como el Cuerpo de Delegados de la FCM &#8220;<strong>Nos declaramos en estado de alerta y movilizaci\u00f3n en defensa de nuestros puestos de trabajo que pretende arrebatar ileg\u00edtimamente el Decano de la FCM Jorge Molinas<\/strong>&#8220;, completo el parte gremial.<\/p>\n","protected":false},"excerpt":{"rendered":"<p>El gremio de Trabajadores No Docentes de la UNR ( APUR) denunci\u00f3 &#8221; maniobra irregular&#8221; del decano de la Facultad de Ciencias M\u00e9dicas. &#8220;Denunciamos el intento del Decano de la Facultad de Ciencias M\u00e9dicas (FCM) Dr. Jorge Molinas de su in\u00e9dito prop\u00f3sito de apoderarse de nuestras fuentes de trabajo y utilizar partidas presupuestarias que nos [&hellip;]<\/p>\n","protected":false},"author":5,"featured_media":19397,"comment_status":"closed","ping_status":"open","sticky":false,"template":"","format":"standard","meta":{"tdm_status":"","tdm_grid_status":"","footnotes":""},"categories":[13],"tags":[2682,5876,5875,226,163,546],"class_list":{"0":"post-19396","1":"post","2":"type-post","3":"status-publish","4":"format-standard","5":"has-post-thumbnail","7":"category-region","8":"tag-apur","9":"tag-decano","10":"tag-facultad-de-ciencias-medicas","11":"tag-gremiales","12":"tag-rosario","13":"tag-unr"},"_links":{"self":[{"href":"https:\/\/www.noticiasmas.com.ar\/index.php\/wp-json\/wp\/v2\/posts\/19396","targetHints":{"allow":["GET"]}}],"collection":[{"href":"https:\/\/www.noticiasmas.com.ar\/index.php\/wp-json\/wp\/v2\/posts"}],"about":[{"href":"https:\/\/www.noticiasmas.com.ar\/index.php\/wp-json\/wp\/v2\/types\/post"}],"author":[{"embeddable":true,"href":"https:\/\/www.noticiasmas.com.ar\/index.php\/wp-json\/wp\/v2\/users\/5"}],"replies":[{"embeddable":true,"href":"https:\/\/www.noticiasmas.com.ar\/index.php\/wp-json\/wp\/v2\/comments?post=19396"}],"version-history":[{"count":1,"href":"https:\/\/www.noticiasmas.com.ar\/index.php\/wp-json\/wp\/v2\/posts\/19396\/revisions"}],"predecessor-version":[{"id":19398,"href":"https:\/\/www.noticiasmas.com.ar\/index.php\/wp-json\/wp\/v2\/posts\/19396\/revisions\/19398"}],"wp:featuredmedia":[{"embeddable":true,"href":"https:\/\/www.noticiasmas.com.ar\/index.php\/wp-json\/wp\/v2\/media\/19397"}],"wp:attachment":[{"href":"https:\/\/www.noticiasmas.com.ar\/index.php\/wp-json\/wp\/v2\/media?parent=19396"}],"wp:term":[{"taxonomy":"category","embeddable":true,"href":"https:\/\/www.noticiasmas.com.ar\/index.php\/wp-json\/wp\/v2\/categories?post=19396"},{"taxonomy":"post_tag","embeddable":true,"href":"https:\/\/www.noticiasmas.com.ar\/index.php\/wp-json\/wp\/v2\/tags?post=19396"}],"curies":[{"name":"wp","href":"https:\/\/api.w.org\/{rel}","templated":true}]}}