{"id":19408,"date":"2025-11-12T21:49:15","date_gmt":"2025-11-13T00:49:15","guid":{"rendered":"https:\/\/www.noticiasmas.com.ar\/?p=19408"},"modified":"2025-11-12T21:49:18","modified_gmt":"2025-11-13T00:49:18","slug":"del-frade-cuestiono-el-presupuesto-2026-por-destinar-escasos-fondos-a-temas-sociales","status":"publish","type":"post","link":"https:\/\/www.noticiasmas.com.ar\/index.php\/2025\/11\/12\/del-frade-cuestiono-el-presupuesto-2026-por-destinar-escasos-fondos-a-temas-sociales\/","title":{"rendered":"DEL FRADE CUESTION\u00d3 EL PRESUPUESTO 2026 POR DESTINAR ESCASOS FONDOS A TEMAS SOCIALES"},"content":{"rendered":"\n<p>El presupuesto total de gastos para el a\u00f1o 2026 de la provincia de Santa Fe es de 14 billones 125.704 millones 195 mil pesos, una cifra de catorce n\u00fameros, aproximadamente 14 mil millones de d\u00f3lares. Dicho presupuesto fue analizado por el diputado Carlos del Frade y consider\u00f3 que \u201chay que democratizar dichos n\u00fameros\u201d<\/p>\n\n\n\n<p>Seg\u00fan el detalle puntilloso del legislador dicho presupuesto significa que el 10 por ciento es de 1 bill\u00f3n cuatrocientos mil millones de pesos; el 1 por ciento es de 140 mil millones de pesos y el 0,1 por ciento es de 14 mil millones de pesos. \u201cEsta primera observaci\u00f3n est\u00e1 destinada a la poblaci\u00f3n en general, a las personas que suelen acercarse a distintas agencias del estado santafesino y escuchan la respuesta que No hay plata, apunt\u00f3 Del Frade y agreg\u00f3: \u201cNo es verdad. Anoten, recuerden y piensen que el 0,1 por ciento del presupuesto total de gastos del estado santafesino para el a\u00f1o 2026 ser\u00e1 de 14 mil millones de pesos. Es imprescindible democratizar los n\u00fameros del presupuesto. La estatura de los n\u00fameros del presupuesto es el verdadero tama\u00f1o de la importancia que el poder pol\u00edtico le da a las cosas. Todo lo dem\u00e1s es inflaci\u00f3n de palabras\u201d, dijo<\/p>\n\n\n\n<p>Cabe indicar que el proyecto de presupuesto 2026 de la provincia de Santa Fe ingres\u00f3 por la C\u00e1mara de Diputados y est\u00e1 reflejado en el expediente 57.565 del 31 de octubre de 2025, presentado a las 17.11.<\/p>\n\n\n\n<p>Antes de la formulaci\u00f3n de los n\u00fameros, el mensaje del ejecutivo destaca que \u201cla provincia de Santa Fe posee una econom\u00eda grande, abierta, estable, diversificada y con bajo nivel de endeudamiento. Es la segunda del pa\u00eds luego del conglomerado que conforma CABA y la provincia de Buenos Aires, significando aproximadamente un 9 por ciento de la econom\u00eda nacional\u201d, anot\u00f3 Del Frade<\/p>\n\n\n\n<p>Asimismo el mensaje del gobierno provincial agreg\u00f3 que \u201cel peso econ\u00f3mico de Santa Fe es superior a su peso en t\u00e9rminos de poblaci\u00f3n y el doble de su peso territorial\u201d. Y remarc\u00f3 que una de cuatro divisas del pa\u00eds proceden de la provincia de Santa Fe y que por las manufacturas de origen agropecuaria supera el 40 por ciento.<\/p>\n\n\n\n<p>\u201cLuego hace menci\u00f3n a los puertos. En estos p\u00e1rrafos aparecen aspectos fundamentales para entender el presente y la matriz del pensamiento pol\u00edtico econ\u00f3mico de la administraci\u00f3n Pullaro: la necesidad del endeudamiento, la producci\u00f3n santafesina en funci\u00f3n de las exportaciones argentinas y el rol protag\u00f3nico de los puertos. Matriz de dependencia que luego recaer\u00e1 sobre las espaldas de la clase media y los sectores populares, sobre las familias santafesinas\u201d, advirti\u00f3 el diputado<\/p>\n\n\n\n<p>M\u00e1s adelante se apunta que la santafesina \u201ces una econom\u00eda p\u00fablica provincial que combina tres rasgos hist\u00f3ricos: su baja extracci\u00f3n de recursos al sector privado, su estabilidad en el manejo presupuestarios y un muy bajo nivel de endeudamiento\u201d.<\/p>\n\n\n\n<p>Cuando se refiere al sector privado se hace menci\u00f3n \u201ca los grandes exportadores, verdaderos due\u00f1os de la provincia porque los sectores familiares santafesinos, tambi\u00e9n privados, son los que llevan el peso de la vida cotidiana en una provincia rica pero que concentra y extranjeriza riquezas por las decisiones pol\u00edticas de los gobiernos, nacionales y provinciales. Y la repetici\u00f3n del bajo nivel de endeudamiento es la porfiada invitaci\u00f3n a un nuevo endeudamiento\u201d, analiz\u00f3 el legislador del Frente Amplio por la Soberan\u00eda .<\/p>\n\n\n\n<p>PALABRA TRABAJO<\/p>\n\n\n\n<p>Para Del Frade \u201cno aparece\u201d en ning\u00fan p\u00e1rrafo de estas 11 p\u00e1ginas del mensaje que prologa el presupuesto la palabra trabajo. Habla de un contexto: \u201c\u2026no se realiza en un campo abstracto sino dentro de un contexto que le sirve de encuadre\u201d. No hay mediciones de cierre de empresas, despidos y crecimiento del empleo informal.<\/p>\n\n\n\n<p>Solamente definen las consecuencias de las pol\u00edticas del gobierno de Javier Milei en la frase \u201cenfriamiento econ\u00f3mico\u201d y destaca el brutal descenso de la coparticipaci\u00f3n en dos n\u00fameros, del 103,3 por ciento interanual en enero de 2025 al 14,7 por ciento. Luego repite el \u201cuso eficiente de los recursos\u201d, el ahorro y la palabra equilibrio.<\/p>\n\n\n\n<p>En tanto el diputado acot\u00f3 que \u201cal describir\u201d, los montos destinados en el presupuesto elige comenzar por la seguridad, subrayando las inversiones en infraestructura penitenciaria. He aqu\u00ed un sesgo permanente en la administraci\u00f3n Pullaro: \u201ctrabajar sobre las consecuencias de una matriz que concentra riquezas no solamente econ\u00f3micas en pocas manos y multiplica la exclusi\u00f3n y, por lo tanto, la violencia m\u00e1s all\u00e1 de los par\u00e9ntesis de disminuci\u00f3n de homicidios\u201d, dijo<\/p>\n\n\n\n<p>\u201cTambi\u00e9n es necesario apuntar \u2013 continu\u00f3 el legislador del FAS &#8211; que esas inversiones en infraestructura penitenciaria ser\u00e1 un gran negocio para las empresas que ganen las licitaciones.\u201d<\/p>\n\n\n\n<p>Luego destac\u00f3 el mensaje del ejecutivo las inversiones en educaci\u00f3n, con 81 mil 975 millones de pesos para el boleto educativo gratuito y los 88 mil 910 millones destinados a la alimentaci\u00f3n en las escuelas. Una velada confesi\u00f3n que muchas familias no pueden poner un plato de comida todos d\u00edas para sus hijas e hijos.<\/p>\n\n\n\n<p>En tercer lugar hacen menci\u00f3n a la salud y luego a las partidas destinadas al deporte y la recreaci\u00f3n por 119 mil millones de pesos, una inversi\u00f3n que multiplica lo destinado en el presupuesto 2025 pero que se explica por la realizaci\u00f3n de los juegos ODESUR.<\/p>\n\n\n\n<p>\u201cEntiende el Ejecutivo en este mensaje enviado a la Legislatura que es necesario que el estado produzca inversiones productivas, hecho imprescindible. La pregunta obligada es qui\u00e9nes son los m\u00e1s beneficiados de esas inversiones. Una vez m\u00e1s nos encontramos una matriz de pol\u00edtica p\u00fablica del gobierno santafesino adecuada a la dependencia de los grandes grupos econ\u00f3micos nacionales y multinacionales, sumiso a los mandatos depredatorios de la administraci\u00f3n Milei y resignada a la planificaci\u00f3n impuesta por intereses ajenos a la vida cotidiana del pueblo santafesino\u201d, complet\u00f3 Del Frade .<\/p>\n\n\n\n<p>CUESTIONES SOCIALES<\/p>\n\n\n\n<p>El ministerio de Educaci\u00f3n es la cifra m\u00e1s alta con el 18,23 por ciento, con un total de 2 billones 575.982 millones 839 mil pesos, con 58.347 personas que trabajan all\u00ed, casi seis ciudades en movimiento cotidiano.<\/p>\n\n\n\n<p>Luego est\u00e1 el de Justicia y Seguridad, con 1 bill\u00f3n 264.147 millones 434 mil pesos, el 8,94 por ciento del total de gastos, donde trabajan 33.206 personas.<\/p>\n\n\n\n<p>En tercer lugar el de Salud, con 1 bill\u00f3n 116.863 millones 973 mil pesos, el 7,90 por ciento del total de gastos presupuestados, donde trabajan 30.960 personas.<\/p>\n\n\n\n<p>En tanto el Ministerio de Igualdad y Desarrollo Humano apenas llega al 1,74 por ciento; Trabajo, el 0,93 por ciento; Cultura, el 0,29 por ciento y Ambiente, una vez m\u00e1s, el escu\u00e1lido 0,13 por ciento.<\/p>\n\n\n\n<p>\u201cEs decir que estas cuatro carteras que deben estar presentes de la manera m\u00e1s cercana posible a las urgencias sociales, culturales, laborales y ambientales de la provincia de Santa Fe, apenas suman el 3,09 por ciento del presupuesto. M\u00e1s all\u00e1 que luego existen anexos donde se ponen de manifiesto las cifras totales a cada \u00e1rea, estas cifras anor\u00e9xicas volcadas a lo social reflejan que habr\u00e1 mayores necesidades existenciales en la provincia de Santa Fe. Son tres pesos para estas cuatro \u00e1reas del estado santafesino por cada cien pesos dentro de un presupuesto de m\u00e1s de 14 billones de pesos. Una vez m\u00e1s repetimos que la estatura del n\u00famero presupuestario marca la verdadera importancia que el poder pol\u00edtico le da a las urgencias sociales. Los bellos discursos se desvanecen ante las cifras del presupuesto\u201d, se quej\u00f3 el diputado .<\/p>\n\n\n\n<p>Asimismo agreg\u00f3: Las bibliotecas populares, por ejemplo, tendr\u00e1n un presupuesto de 147 millones 478 mil pesos en total. Alguna vez habr\u00e1 que reconocer de verdad el trabajo de la gente que en cualquier lugar de la monumental geograf\u00eda santafesina mantiene estos espacios de pluralismo, compromiso social y democratizaci\u00f3n de la belleza. Eso no ocurre en este presupuesto 2026 del gobierno santafesino.<\/p>\n\n\n\n<p>El MPA tendr\u00e1 una partida de 64 mil 476 millones 135 mil pesos, menos del 0,5 por ciento del presupuesto con 858 personas trabajando. El Organismo de Investigaci\u00f3n contar\u00e1 con 750 millones de pesos para todo el a\u00f1o. Una cifra que no promete grandes investigaciones.<\/p>\n\n\n\n<p>La justicia penal juvenil tiene asignadas partidas por 6.881.939.000 pesos, menos del 0,05 por ciento del presupuesto total y la agencia de control policial tiene 92.335.000 pesos, cifra que permite suponer una revisi\u00f3n superficial del comportamiento de las llamadas fuerzas del orden en la provincia.<\/p>\n\n\n\n<p>En el Ministerio de Educaci\u00f3n es necesario apuntar el presupuesto para los Equipos de Inclusi\u00f3n Socioeducativas, de solamente 2.352 millones 456 mil pesos, menos del 0,2 por ciento del total. El programa de construcci\u00f3n de mil aulas es de 12 mil 434 millones 723 mil pesos.<\/p>\n\n\n\n<p>La educaci\u00f3n privada en todas sus modalidades suma alrededor de 470 mil millones de pesos, casi el 20 por ciento del total del monto asignado a la cartera educativa total para el a\u00f1o 2026.<\/p>\n\n\n\n<p>En relaci\u00f3n a las partidas de g\u00e9nero en el Ministerio de Igualdad y Desarrollo Humano, el monto llega a los 2.370 millones 431 mil pesos, menos del 0,2 por ciento.<\/p>\n\n\n\n<p>En ni\u00f1ez hay 13.793 millones 294 mil pesos, menos del 0,1 por ciento y atenci\u00f3n para personas con discapacidad, 8.735 millones 240 mil pesos pesos, tambi\u00e9n por debajo el 0,1 por ciento. Mientras tanto la APRECOD tiene asignada una magra cantidad de 624 millones 166 mil pesos y el Plan ABRE, 561 millones 263 mil pesos.<\/p>\n\n\n\n<p>En el \u00e1rea del ministerio de Salud, una cartera que tiene 30.960 personas, hay partidas por 2.571 millones 285 mil pesos para Salud Mental, un \u00e1rea fundamental por el crecimiento de los suicidios en toda la provincia de Santa Fe. Esa cantidad de dinero representa mucho menos del 0,1 por ciento del total del presupuesto provincial.<\/p>\n\n\n\n<p>La cuesti\u00f3n ambiental una vez m\u00e1s presenta una partida de solamente el 0,13 por ciento del total y la dependencia material del Ministerio de Desarrollo Productivo que es el cobra multas por casos de fumigaciones ilegales.<\/p>\n\n\n\n<p>\u201cUna vez m\u00e1s el presupuesto provincial parece destinado a acompa\u00f1ar una pol\u00edtica econ\u00f3mica que responde a las imposiciones de las planificaciones multinacionales por encima de las necesidades de la poblaci\u00f3n santafesina. Habr\u00e1s m\u00e1s urgencias\u201d, concluy\u00f3 .<\/p>\n","protected":false},"excerpt":{"rendered":"<p>El presupuesto total de gastos para el a\u00f1o 2026 de la provincia de Santa Fe es de 14 billones 125.704 millones 195 mil pesos, una cifra de catorce n\u00fameros, aproximadamente 14 mil millones de d\u00f3lares. Dicho presupuesto fue analizado por el diputado Carlos del Frade y consider\u00f3 que \u201chay que democratizar dichos n\u00fameros\u201d Seg\u00fan el [&hellip;]<\/p>\n","protected":false},"author":5,"featured_media":11874,"comment_status":"closed","ping_status":"open","sticky":false,"template":"","format":"standard","meta":{"tdm_status":"","tdm_grid_status":"","footnotes":""},"categories":[14],"tags":[994,3950,5394,18],"class_list":{"0":"post-19408","1":"post","2":"type-post","3":"status-publish","4":"format-standard","5":"has-post-thumbnail","7":"category-provinciales","8":"tag-carlos-del-frade","9":"tag-cuestionamientos","10":"tag-presupuesto-2026","11":"tag-santa-fe"},"_links":{"self":[{"href":"https:\/\/www.noticiasmas.com.ar\/index.php\/wp-json\/wp\/v2\/posts\/19408","targetHints":{"allow":["GET"]}}],"collection":[{"href":"https:\/\/www.noticiasmas.com.ar\/index.php\/wp-json\/wp\/v2\/posts"}],"about":[{"href":"https:\/\/www.noticiasmas.com.ar\/index.php\/wp-json\/wp\/v2\/types\/post"}],"author":[{"embeddable":true,"href":"https:\/\/www.noticiasmas.com.ar\/index.php\/wp-json\/wp\/v2\/users\/5"}],"replies":[{"embeddable":true,"href":"https:\/\/www.noticiasmas.com.ar\/index.php\/wp-json\/wp\/v2\/comments?post=19408"}],"version-history":[{"count":1,"href":"https:\/\/www.noticiasmas.com.ar\/index.php\/wp-json\/wp\/v2\/posts\/19408\/revisions"}],"predecessor-version":[{"id":19409,"href":"https:\/\/www.noticiasmas.com.ar\/index.php\/wp-json\/wp\/v2\/posts\/19408\/revisions\/19409"}],"wp:featuredmedia":[{"embeddable":true,"href":"https:\/\/www.noticiasmas.com.ar\/index.php\/wp-json\/wp\/v2\/media\/11874"}],"wp:attachment":[{"href":"https:\/\/www.noticiasmas.com.ar\/index.php\/wp-json\/wp\/v2\/media?parent=19408"}],"wp:term":[{"taxonomy":"category","embeddable":true,"href":"https:\/\/www.noticiasmas.com.ar\/index.php\/wp-json\/wp\/v2\/categories?post=19408"},{"taxonomy":"post_tag","embeddable":true,"href":"https:\/\/www.noticiasmas.com.ar\/index.php\/wp-json\/wp\/v2\/tags?post=19408"}],"curies":[{"name":"wp","href":"https:\/\/api.w.org\/{rel}","templated":true}]}}