{"id":19421,"date":"2025-11-12T22:25:49","date_gmt":"2025-11-13T01:25:49","guid":{"rendered":"https:\/\/www.noticiasmas.com.ar\/?p=19421"},"modified":"2025-11-12T22:25:52","modified_gmt":"2025-11-13T01:25:52","slug":"puerto-san-martin-evoco-la-tradicion-y-la-cultura-gauchesca-con-el-festival-puerto-canta-y-baila-chamame","status":"publish","type":"post","link":"https:\/\/www.noticiasmas.com.ar\/index.php\/2025\/11\/12\/puerto-san-martin-evoco-la-tradicion-y-la-cultura-gauchesca-con-el-festival-puerto-canta-y-baila-chamame\/","title":{"rendered":"Puerto San Mart\u00edn evoc\u00f3 la tradici\u00f3n y la cultura gauchesca con el festival \u201cPuerto Canta y Baila Chamam\u00e9\u201d"},"content":{"rendered":"\n<p>En el marco de la agenda de eventos por el 136\u00b0 aniversario de la fundaci\u00f3n de Puerto San Mart\u00edn, se realiz\u00f3 este domingo 9 de noviembre uno de los cl\u00e1sicos de cada aniversario.<\/p>\n\n\n\n<p>Desde temprano el Parque Recreativo Municipal recibi\u00f3 a los amantes del g\u00e9nero musical y de la danza reconocido como patrimonio cultural, para disfrutar todo el d\u00eda el masivo festival \u201cPuerto Canta y Baila Chamam\u00e9\u201d, que cont\u00f3 con el concurso de asado a la estaca. <\/p>\n\n\n\n<p>Los participantes de este a\u00f1o arrancaron con sus fuegos a las siete de la ma\u00f1ana y reuni\u00f3 a quince costillares que, por decisi\u00f3n del intendente municipal, fueron adquiridos por el municipio y vendidos en su totalidad a beneficio de la Escuela Especial \u201cArnold Gessell\u201d. <\/p>\n\n\n\n<p>La competencia fue una puesta en escena de manjares a la estaca que nadie que se quiso perder de saborear, escuchando de fondo a los payadores, quienes improvisaron recitados en rima acompa\u00f1ado de una guitarra. Un ambiente de amigos, familia y tradiciones, junto al fuego encendido y con una hilera de costillares as\u00e1ndose, asadores y fogoneros compartiendo mates con la gente y las costumbres gastron\u00f3micas argentinas para disfrutar de una verdadera fiesta popular, donde los expertos y aficionados compitieron y fueron evaluados.<\/p>\n\n\n\n<figure class=\"wp-block-image size-large\"><img loading=\"lazy\" decoding=\"async\" width=\"1024\" height=\"683\" src=\"https:\/\/www.noticiasmas.com.ar\/wp-content\/uploads\/2025\/11\/asado-a-la-estaca-psm-1024x683.jpg\" alt=\"\" class=\"wp-image-19422\" srcset=\"https:\/\/www.noticiasmas.com.ar\/wp-content\/uploads\/2025\/11\/asado-a-la-estaca-psm-1024x683.jpg 1024w, https:\/\/www.noticiasmas.com.ar\/wp-content\/uploads\/2025\/11\/asado-a-la-estaca-psm-300x200.jpg 300w, https:\/\/www.noticiasmas.com.ar\/wp-content\/uploads\/2025\/11\/asado-a-la-estaca-psm-768x512.jpg 768w, https:\/\/www.noticiasmas.com.ar\/wp-content\/uploads\/2025\/11\/asado-a-la-estaca-psm-150x100.jpg 150w, https:\/\/www.noticiasmas.com.ar\/wp-content\/uploads\/2025\/11\/asado-a-la-estaca-psm-696x464.jpg 696w, https:\/\/www.noticiasmas.com.ar\/wp-content\/uploads\/2025\/11\/asado-a-la-estaca-psm-1068x712.jpg 1068w, https:\/\/www.noticiasmas.com.ar\/wp-content\/uploads\/2025\/11\/asado-a-la-estaca-psm.jpg 1200w\" sizes=\"auto, (max-width: 1024px) 100vw, 1024px\" \/><\/figure>\n\n\n\n<p>Actuaron \u201cLos Cristales del Chamam\u00e9\u201d, \u201cLos Amigos del Litoral\u201d, \u201cLos Capos del Chamam\u00e9\u201d, \u201cConjunto San Sebasti\u00e1n\u201d, \u201cLos Criollos de Saladas\u201d, Pablo Spinetti, \u201cLos de Iturralde\u201d y el Ballet municipal que brill\u00f3 sobre el escenario con su t\u00edpico vestuario y destreza. <\/p>\n\n\n\n<p>El intendente municipal Carlos De Grandis, el presidente del concejo municipal, Juan Manuel De Grandis, el secretario de Educaci\u00f3n y Cultura, Sebasti\u00e1n Lezcano, el secretario de Desarrollo Social, Fernando Torrens, y la secretaria de Gobierno, Vanina Matassa entregaron reconocimientos y presentes a las agrupaciones y agradecieron la gran convocatoria.<\/p>\n","protected":false},"excerpt":{"rendered":"<p>En el marco de la agenda de eventos por el 136\u00b0 aniversario de la fundaci\u00f3n de Puerto San Mart\u00edn, se realiz\u00f3 este domingo 9 de noviembre uno de los cl\u00e1sicos de cada aniversario. Desde temprano el Parque Recreativo Municipal recibi\u00f3 a los amantes del g\u00e9nero musical y de la danza reconocido como patrimonio cultural, para [&hellip;]<\/p>\n","protected":false},"author":5,"featured_media":19423,"comment_status":"closed","ping_status":"open","sticky":false,"template":"","format":"standard","meta":{"tdm_status":"","tdm_grid_status":"","footnotes":""},"categories":[13],"tags":[5866,5889,5888,52],"class_list":{"0":"post-19421","1":"post","2":"type-post","3":"status-publish","4":"format-standard","5":"has-post-thumbnail","7":"category-region","8":"tag-136-aniversario","9":"tag-asado-a-la-estaca","10":"tag-puerto-canta-y-baila-chamame","11":"tag-puerto-san-martin"},"_links":{"self":[{"href":"https:\/\/www.noticiasmas.com.ar\/index.php\/wp-json\/wp\/v2\/posts\/19421","targetHints":{"allow":["GET"]}}],"collection":[{"href":"https:\/\/www.noticiasmas.com.ar\/index.php\/wp-json\/wp\/v2\/posts"}],"about":[{"href":"https:\/\/www.noticiasmas.com.ar\/index.php\/wp-json\/wp\/v2\/types\/post"}],"author":[{"embeddable":true,"href":"https:\/\/www.noticiasmas.com.ar\/index.php\/wp-json\/wp\/v2\/users\/5"}],"replies":[{"embeddable":true,"href":"https:\/\/www.noticiasmas.com.ar\/index.php\/wp-json\/wp\/v2\/comments?post=19421"}],"version-history":[{"count":1,"href":"https:\/\/www.noticiasmas.com.ar\/index.php\/wp-json\/wp\/v2\/posts\/19421\/revisions"}],"predecessor-version":[{"id":19424,"href":"https:\/\/www.noticiasmas.com.ar\/index.php\/wp-json\/wp\/v2\/posts\/19421\/revisions\/19424"}],"wp:featuredmedia":[{"embeddable":true,"href":"https:\/\/www.noticiasmas.com.ar\/index.php\/wp-json\/wp\/v2\/media\/19423"}],"wp:attachment":[{"href":"https:\/\/www.noticiasmas.com.ar\/index.php\/wp-json\/wp\/v2\/media?parent=19421"}],"wp:term":[{"taxonomy":"category","embeddable":true,"href":"https:\/\/www.noticiasmas.com.ar\/index.php\/wp-json\/wp\/v2\/categories?post=19421"},{"taxonomy":"post_tag","embeddable":true,"href":"https:\/\/www.noticiasmas.com.ar\/index.php\/wp-json\/wp\/v2\/tags?post=19421"}],"curies":[{"name":"wp","href":"https:\/\/api.w.org\/{rel}","templated":true}]}}