{"id":19429,"date":"2025-11-13T08:28:41","date_gmt":"2025-11-13T11:28:41","guid":{"rendered":"https:\/\/www.noticiasmas.com.ar\/?p=19429"},"modified":"2025-11-13T08:28:44","modified_gmt":"2025-11-13T11:28:44","slug":"aceiteros-anunciaron-nuevo-paro-si-avanza-la-reforma-laboral-del-gobierno-nacional","status":"publish","type":"post","link":"https:\/\/www.noticiasmas.com.ar\/index.php\/2025\/11\/13\/aceiteros-anunciaron-nuevo-paro-si-avanza-la-reforma-laboral-del-gobierno-nacional\/","title":{"rendered":"Aceiteros anunciaron nuevo paro si avanza la reforma laboral del gobierno nacional"},"content":{"rendered":"\n<p>El secretario general de la Federaci\u00f3n Aceitera y Desmotadora de Algod\u00f3n (FTCIODyARA), <strong>Daniel Yofra<\/strong>, anunci\u00f3 que el gremio ir\u00e1 a la <strong>huelga<\/strong> en rechazo a la <strong>reforma laboral<\/strong> impulsada por el gobierno de <strong>Javier Milei<\/strong>, a la que calific\u00f3 como \u201cregresiva\u201d. Adem\u00e1s, hizo un llamado a la <strong>unidad sindical<\/strong> y a la construcci\u00f3n de un <strong>plan de lucha conjunto<\/strong> para defender los derechos de los trabajadores.<\/p>\n\n\n\n<p>El anuncio tuvo lugar durante el <strong>74\u00b0 Congreso Nacional Ordinario<\/strong> de la federaci\u00f3n, que cont\u00f3 con la presencia de los titulares de otros sindicatos: <strong>Abel Furl\u00e1n<\/strong> (UOM), <strong>Rodolfo Aguiar<\/strong> (ATE) y <strong>Mar\u00eda Fernanda Boriotti<\/strong> (FESPROSA). Todos coincidieron en la necesidad de profundizar la organizaci\u00f3n y las acciones gremiales para frenar la iniciativa del Ejecutivo.<\/p>\n\n\n\n<p>\u201cNosotros, los aceiteros y los desmotadores, vamos a ir a la huelga cuando este gobierno quiera avanzar contra los derechos laborales. Esto no es una arenga. Tenemos empat\u00eda y solidaridad con el resto de la clase trabajadora\u201d, sostuvo Yofra.<\/p>\n\n\n\n<p>El dirigente gremial destac\u00f3 que, a pesar de haber alcanzado recientemente una <strong>paritaria r\u00e9cord<\/strong> \u2014que llevar\u00e1 el salario inicial del sector a <strong>2.344.000 pesos a partir del 1\u00b0 de enero de 2026<\/strong>\u2014, la lucha sindical no debe limitarse a las conquistas propias.<\/p>\n\n\n\n<p>\u201cNo nos podemos quedar con que nosotros estamos bien. Tenemos que tener empat\u00eda con el resto de la clase y salir a luchar\u201d, remarc\u00f3.<\/p>\n\n\n\n<p>Por su parte, <strong>Mar\u00eda Fernanda Boriotti<\/strong> advirti\u00f3 que \u201cla reforma laboral ya es una realidad en el Estado\u201d y llam\u00f3 a <strong>coordinar acciones<\/strong> para enfrentar \u201ca este y a todos los gobiernos que quieran avanzar contra los derechos laborales\u201d.<\/p>\n\n\n\n<p>\u201cLo \u00fanico que nos va a salvar es la lucha colectiva. Tenemos que trabajar en unidad\u201d, afirm\u00f3.<\/p>\n\n\n\n<p>En la misma l\u00ednea, <strong>Rodolfo Aguiar<\/strong> sostuvo que \u201cel gobierno no es invencible\u201d y record\u00f3 que las medidas de fuerza lograron frenar algunos intentos de avanzar sobre derechos laborales.<\/p>\n\n\n\n<p>\u201cLleg\u00f3 la hora de discutir la riqueza. El problema de la Argentina no son los pobres, sino los ricos y su manera de acumular\u201d, expres\u00f3.<\/p>\n\n\n\n<p>Finalmente, <strong>Abel Furl\u00e1n<\/strong> llam\u00f3 a <strong>revalorizar el papel del movimiento obrero<\/strong> en la definici\u00f3n del modelo de pa\u00eds.<\/p>\n\n\n\n<p>\u201cNecesitamos discutir un modelo que genere trabajo y salarios dignos. Mientras potencias como Estados Unidos y China disputan el trabajo calificado, Argentina avanza en un proceso de desindustrializaci\u00f3n. \u00bfVamos a aceptar ese proyecto o nos vamos a rebelar?\u201d, cuestion\u00f3.<\/p>\n\n\n\n<p><\/p>\n","protected":false},"excerpt":{"rendered":"<p>El secretario general de la Federaci\u00f3n Aceitera y Desmotadora de Algod\u00f3n (FTCIODyARA), Daniel Yofra, anunci\u00f3 que el gremio ir\u00e1 a la huelga en rechazo a la reforma laboral impulsada por el gobierno de Javier Milei, a la que calific\u00f3 como \u201cregresiva\u201d. Adem\u00e1s, hizo un llamado a la unidad sindical y a la construcci\u00f3n de un [&hellip;]<\/p>\n","protected":false},"author":9,"featured_media":19430,"comment_status":"closed","ping_status":"open","sticky":false,"template":"","format":"standard","meta":{"tdm_status":"","tdm_grid_status":"","footnotes":""},"categories":[8],"tags":[254,226,5892],"class_list":{"0":"post-19429","1":"post","2":"type-post","3":"status-publish","4":"format-standard","5":"has-post-thumbnail","7":"category-politica","8":"tag-aceiteros","9":"tag-gremiales","10":"tag-paro-naciona"},"_links":{"self":[{"href":"https:\/\/www.noticiasmas.com.ar\/index.php\/wp-json\/wp\/v2\/posts\/19429","targetHints":{"allow":["GET"]}}],"collection":[{"href":"https:\/\/www.noticiasmas.com.ar\/index.php\/wp-json\/wp\/v2\/posts"}],"about":[{"href":"https:\/\/www.noticiasmas.com.ar\/index.php\/wp-json\/wp\/v2\/types\/post"}],"author":[{"embeddable":true,"href":"https:\/\/www.noticiasmas.com.ar\/index.php\/wp-json\/wp\/v2\/users\/9"}],"replies":[{"embeddable":true,"href":"https:\/\/www.noticiasmas.com.ar\/index.php\/wp-json\/wp\/v2\/comments?post=19429"}],"version-history":[{"count":1,"href":"https:\/\/www.noticiasmas.com.ar\/index.php\/wp-json\/wp\/v2\/posts\/19429\/revisions"}],"predecessor-version":[{"id":19431,"href":"https:\/\/www.noticiasmas.com.ar\/index.php\/wp-json\/wp\/v2\/posts\/19429\/revisions\/19431"}],"wp:featuredmedia":[{"embeddable":true,"href":"https:\/\/www.noticiasmas.com.ar\/index.php\/wp-json\/wp\/v2\/media\/19430"}],"wp:attachment":[{"href":"https:\/\/www.noticiasmas.com.ar\/index.php\/wp-json\/wp\/v2\/media?parent=19429"}],"wp:term":[{"taxonomy":"category","embeddable":true,"href":"https:\/\/www.noticiasmas.com.ar\/index.php\/wp-json\/wp\/v2\/categories?post=19429"},{"taxonomy":"post_tag","embeddable":true,"href":"https:\/\/www.noticiasmas.com.ar\/index.php\/wp-json\/wp\/v2\/tags?post=19429"}],"curies":[{"name":"wp","href":"https:\/\/api.w.org\/{rel}","templated":true}]}}