{"id":1945,"date":"2023-12-29T09:04:47","date_gmt":"2023-12-29T12:04:47","guid":{"rendered":"https:\/\/www.noticiasmas.com.ar\/?p=1945"},"modified":"2023-12-29T09:04:48","modified_gmt":"2023-12-29T12:04:48","slug":"el-gobierno-oficializo-el-calendario-de-feriados-con-fines-turisticos-para-el-2024","status":"publish","type":"post","link":"https:\/\/www.noticiasmas.com.ar\/index.php\/2023\/12\/29\/el-gobierno-oficializo-el-calendario-de-feriados-con-fines-turisticos-para-el-2024\/","title":{"rendered":"El Gobierno oficializ\u00f3 el calendario de feriados con fines tur\u00edsticos para el 2024"},"content":{"rendered":"\n<p>El Gobierno Nacional dio a conocer las fechas de los d\u00edas feriados con fines tur\u00edsticos para el a\u00f1o 2024. La medida busca no solo fomentar el turismo, sino tambi\u00e9n distribuir estrat\u00e9gicamente los d\u00edas de descanso para mitigar los efectos negativos de la estacionalidad en el sector.<\/p>\n\n\n\n<p>En el decreto publicado hoy en el Bolet\u00edn Oficial, se especifica que para el a\u00f1o 2024, los d\u00edas feriados con fines tur\u00edsticos ser\u00e1n el 1\u00b0 de abril, el 21 de junio y el 11 de octubre. Estas fechas fueron cuidadosamente seleccionadas para maximizar su impacto en la actividad tur\u00edstica y contribuir a la disminuci\u00f3n de la estacionalidad en el sector.<\/p>\n\n\n\n<p>Feriados inamovibles<\/p>\n\n\n\n<p>Lunes 1\u00b0 de enero: A\u00f1o Nuevo<\/p>\n\n\n\n<p>Lunes 12 y martes 13 de febrero: Carnaval<\/p>\n\n\n\n<p>Domingo 24 de marzo: D\u00eda Nacional de la Memoria por la Verdad y la Justicia<\/p>\n\n\n\n<p>Viernes 29 de marzo: Viernes Santo<\/p>\n\n\n\n<p>Martes 2 de abril: D\u00eda del Veterano y de los Ca\u00eddos en la Guerra de Malvinas<\/p>\n\n\n\n<p>Mi\u00e9rcoles 1\u00b0 de mayo: D\u00eda del Trabajo<\/p>\n\n\n\n<p>S\u00e1bado 25 de mayo: D\u00eda de la Revoluci\u00f3n de Mayo<\/p>\n\n\n\n<p>Jueves 20 de junio: Paso a la Inmortalidad del General Don Manuel Belgrano<\/p>\n\n\n\n<p>Martes 9 de julio: D\u00eda de la Independencia<\/p>\n\n\n\n<p>Domingo 8 de diciembre: D\u00eda de la Inmaculada Concepci\u00f3n de Mar\u00eda<\/p>\n\n\n\n<p>Mi\u00e9rcoles 25 de diciembre: Navidad<\/p>\n\n\n\n<p>Feriados trasladables<\/p>\n\n\n\n<p>Lunes 17 de junio: Paso a la Inmortalidad del General Don Mart\u00edn Miguel de G\u00fcemes<\/p>\n\n\n\n<p>S\u00e1bado 17 de agosto: Paso a la Inmortalidad del General Don Jos\u00e9 de San Mart\u00edn<\/p>\n\n\n\n<p>S\u00e1bado 12 de octubre: D\u00eda del Respeto a la Diversidad Cultural<\/p>\n\n\n\n<p>Mi\u00e9rcoles 20 de noviembre: D\u00eda de la Soberan\u00eda Nacional<\/p>\n","protected":false},"excerpt":{"rendered":"<p>El Gobierno Nacional dio a conocer las fechas de los d\u00edas feriados con fines tur\u00edsticos para el a\u00f1o 2024. La medida busca no solo fomentar el turismo, sino tambi\u00e9n distribuir estrat\u00e9gicamente los d\u00edas de descanso para mitigar los efectos negativos de la estacionalidad en el sector. En el decreto publicado hoy en el Bolet\u00edn Oficial, [&hellip;]<\/p>\n","protected":false},"author":8,"featured_media":1946,"comment_status":"closed","ping_status":"open","sticky":false,"template":"","format":"standard","meta":{"tdm_status":"","tdm_grid_status":"","footnotes":""},"categories":[1],"tags":[796,795,441],"class_list":{"0":"post-1945","1":"post","2":"type-post","3":"status-publish","4":"format-standard","5":"has-post-thumbnail","7":"category-nacionales","8":"tag-calendario","9":"tag-feriados","10":"tag-turismo"},"_links":{"self":[{"href":"https:\/\/www.noticiasmas.com.ar\/index.php\/wp-json\/wp\/v2\/posts\/1945","targetHints":{"allow":["GET"]}}],"collection":[{"href":"https:\/\/www.noticiasmas.com.ar\/index.php\/wp-json\/wp\/v2\/posts"}],"about":[{"href":"https:\/\/www.noticiasmas.com.ar\/index.php\/wp-json\/wp\/v2\/types\/post"}],"author":[{"embeddable":true,"href":"https:\/\/www.noticiasmas.com.ar\/index.php\/wp-json\/wp\/v2\/users\/8"}],"replies":[{"embeddable":true,"href":"https:\/\/www.noticiasmas.com.ar\/index.php\/wp-json\/wp\/v2\/comments?post=1945"}],"version-history":[{"count":1,"href":"https:\/\/www.noticiasmas.com.ar\/index.php\/wp-json\/wp\/v2\/posts\/1945\/revisions"}],"predecessor-version":[{"id":1947,"href":"https:\/\/www.noticiasmas.com.ar\/index.php\/wp-json\/wp\/v2\/posts\/1945\/revisions\/1947"}],"wp:featuredmedia":[{"embeddable":true,"href":"https:\/\/www.noticiasmas.com.ar\/index.php\/wp-json\/wp\/v2\/media\/1946"}],"wp:attachment":[{"href":"https:\/\/www.noticiasmas.com.ar\/index.php\/wp-json\/wp\/v2\/media?parent=1945"}],"wp:term":[{"taxonomy":"category","embeddable":true,"href":"https:\/\/www.noticiasmas.com.ar\/index.php\/wp-json\/wp\/v2\/categories?post=1945"},{"taxonomy":"post_tag","embeddable":true,"href":"https:\/\/www.noticiasmas.com.ar\/index.php\/wp-json\/wp\/v2\/tags?post=1945"}],"curies":[{"name":"wp","href":"https:\/\/api.w.org\/{rel}","templated":true}]}}