{"id":19453,"date":"2025-11-13T18:02:17","date_gmt":"2025-11-13T21:02:17","guid":{"rendered":"https:\/\/www.noticiasmas.com.ar\/?p=19453"},"modified":"2025-11-13T18:02:20","modified_gmt":"2025-11-13T21:02:20","slug":"no-docentes-nucleados-en-apur-realizan-un-paro-de-24-horas-el-miercoles-19-de-noviembre","status":"publish","type":"post","link":"https:\/\/www.noticiasmas.com.ar\/index.php\/2025\/11\/13\/no-docentes-nucleados-en-apur-realizan-un-paro-de-24-horas-el-miercoles-19-de-noviembre\/","title":{"rendered":"NO DOCENTES NUCLEADOS EN APUR REALIZAN UN PARO DE 24 HORAS EL MI\u00c9RCOLES 19 DE NOVIEMBRE"},"content":{"rendered":"\n<p>Los no docentes nucleados en la Federaci\u00f3n Argentina Trabajadores de Universidades Nacionales (FATUN) realizar\u00e1n un paro nacional de 24 horas, sin asistencia a los lugares de trabajo, el pr\u00f3ximo mi\u00e9rcoles 19 de noviembre, para reclamar la inmediata aplicaci\u00f3n de la Ley de Financiamiento Universitario (LFU). A dicha medida de fuerza adhiere la Asociaci\u00f3n del Personal de la Universidad de Rosario (APUR) por lo que facultades y escuelas dependendientes de la UNR permaneceran cerradas.<\/p>\n\n\n\n<p>\u201cSin Ley de Financiamiento, no hay universidades; sin universidades, no hay futuro\u201d, subray\u00f3 la federaci\u00f3n en un comunicado, en el que se estableci\u00f3 adem\u00e1s una \u201cjornada de visibilizaci\u00f3n\u201d del conflicto para el jueves 20 de noviembre.<\/p>\n\n\n\n<p>Asimismo, se estableci\u00f3 como fecha para una nueva reuni\u00f3n de Consejo Directivo y Plenario de Secretario Generales para el d\u00eda 2 de diciembre, donde se analizar\u00e1n las acciones siguientes a tomar por la FATUN en caso de no obtener respuestas a sus reclamos.<\/p>\n\n\n\n<p>El paro fue aprobado por el Plenario de Secretarios Generales, Consejo Directivo y Mesa Ejecutiva de la FATUN, donde se denunci\u00f3 que, \u201ca 41 d\u00edas\u201d del rechazo parlamentario al veto presidencial del 2 de octubre, el Poder Ejecutivo \u201ccontin\u00faa evitando su aplicaci\u00f3n\u201d, profundizando el ajuste que pone en riesgo el funcionamiento de las universidades nacionales.<\/p>\n\n\n\n<p>\u201cDesde la FATUN, paramos porque creemos en la defensa de la educaci\u00f3n p\u00fablica en todo sentido, pero por sobre todas las cosas, creemos en que el futuro del pa\u00eds, es con m\u00e1s y mejores universidades, y para ello los presupuestos son el eslab\u00f3n fundamental que todo gobierno de turno, debe garantizar\u201d, indic\u00f3 la entidad gremial<\/p>\n\n\n\n<p>La FATUN resolvi\u00f3 adem\u00e1s iniciar acciones judiciales para forzar la aplicaci\u00f3n de la LFU y coordinar medidas conjuntas con el Frente Sindical, el Consejo Interuniversitario Nacional (CIN) y la Federaci\u00f3n Universitaria Argentina (FUA).<\/p>\n\n\n\n<p>El conflicto tambi\u00e9n hace hincapi\u00e9 en la cr\u00edtica situaci\u00f3n salarial y econ\u00f3mica de los trabajadores no docentes, agravada por la falta de actualizaci\u00f3n presupuestaria. La federaci\u00f3n resalt\u00f3 la \u201cunidad de acci\u00f3n\u201d lograda al modificar la fecha original del paro para incluir a la totalidad de sus gremios de base.<\/p>\n","protected":false},"excerpt":{"rendered":"<p>Los no docentes nucleados en la Federaci\u00f3n Argentina Trabajadores de Universidades Nacionales (FATUN) realizar\u00e1n un paro nacional de 24 horas, sin asistencia a los lugares de trabajo, el pr\u00f3ximo mi\u00e9rcoles 19 de noviembre, para reclamar la inmediata aplicaci\u00f3n de la Ley de Financiamiento Universitario (LFU). A dicha medida de fuerza adhiere la Asociaci\u00f3n del Personal [&hellip;]<\/p>\n","protected":false},"author":5,"featured_media":19454,"comment_status":"closed","ping_status":"open","sticky":false,"template":"","format":"standard","meta":{"tdm_status":"","tdm_grid_status":"","footnotes":""},"categories":[13],"tags":[5903,2682,226,691,163],"class_list":{"0":"post-19453","1":"post","2":"type-post","3":"status-publish","4":"format-standard","5":"has-post-thumbnail","7":"category-region","8":"tag-19-11","9":"tag-apur","10":"tag-gremiales","11":"tag-paro","12":"tag-rosario"},"_links":{"self":[{"href":"https:\/\/www.noticiasmas.com.ar\/index.php\/wp-json\/wp\/v2\/posts\/19453","targetHints":{"allow":["GET"]}}],"collection":[{"href":"https:\/\/www.noticiasmas.com.ar\/index.php\/wp-json\/wp\/v2\/posts"}],"about":[{"href":"https:\/\/www.noticiasmas.com.ar\/index.php\/wp-json\/wp\/v2\/types\/post"}],"author":[{"embeddable":true,"href":"https:\/\/www.noticiasmas.com.ar\/index.php\/wp-json\/wp\/v2\/users\/5"}],"replies":[{"embeddable":true,"href":"https:\/\/www.noticiasmas.com.ar\/index.php\/wp-json\/wp\/v2\/comments?post=19453"}],"version-history":[{"count":1,"href":"https:\/\/www.noticiasmas.com.ar\/index.php\/wp-json\/wp\/v2\/posts\/19453\/revisions"}],"predecessor-version":[{"id":19455,"href":"https:\/\/www.noticiasmas.com.ar\/index.php\/wp-json\/wp\/v2\/posts\/19453\/revisions\/19455"}],"wp:featuredmedia":[{"embeddable":true,"href":"https:\/\/www.noticiasmas.com.ar\/index.php\/wp-json\/wp\/v2\/media\/19454"}],"wp:attachment":[{"href":"https:\/\/www.noticiasmas.com.ar\/index.php\/wp-json\/wp\/v2\/media?parent=19453"}],"wp:term":[{"taxonomy":"category","embeddable":true,"href":"https:\/\/www.noticiasmas.com.ar\/index.php\/wp-json\/wp\/v2\/categories?post=19453"},{"taxonomy":"post_tag","embeddable":true,"href":"https:\/\/www.noticiasmas.com.ar\/index.php\/wp-json\/wp\/v2\/tags?post=19453"}],"curies":[{"name":"wp","href":"https:\/\/api.w.org\/{rel}","templated":true}]}}