{"id":19475,"date":"2025-11-17T09:13:03","date_gmt":"2025-11-17T12:13:03","guid":{"rendered":"https:\/\/www.noticiasmas.com.ar\/?p=19475"},"modified":"2025-11-17T09:13:07","modified_gmt":"2025-11-17T12:13:07","slug":"villa-gobernador-galvez-un-bebe-por-coqueluche-y-alertan-por-aumento-de-casos-en-el-sur-provincial","status":"publish","type":"post","link":"https:\/\/www.noticiasmas.com.ar\/index.php\/2025\/11\/17\/villa-gobernador-galvez-un-bebe-por-coqueluche-y-alertan-por-aumento-de-casos-en-el-sur-provincial\/","title":{"rendered":"Villa Gobernador G\u00e1lvez: un beb\u00e9 por coqueluche y alertan por aumento de casos en el sur provincial"},"content":{"rendered":"\n<p>El Ministerio de Salud de Santa Fe confirm\u00f3 la muerte de un beb\u00e9 de un mes en Villa Gobernador G\u00e1lvez a causa de coqueluche, en un contexto de aumento sostenido de casos en la regi\u00f3n sur de la provincia. En Rosario, donde se registra el mayor impacto, ya se contabilizan m\u00e1s de 200 pacientes entre sospechosos y confirmados solo en lo que va de noviembre.<\/p>\n\n\n\n<p>El lactante fallecido no hab\u00eda recibido la vacuna correspondiente por su corta edad y tampoco contaba con la protecci\u00f3n que brinda la vacunaci\u00f3n materna durante el embarazo, una herramienta considerada fundamental para resguardar a los reci\u00e9n nacidos frente a esta enfermedad altamente contagiosa.<\/p>\n\n\n\n<p>Desde la cartera sanitaria advirtieron que los menores de un a\u00f1o son el grupo m\u00e1s vulnerable, ya que la tos convulsa puede evolucionar r\u00e1pidamente hacia cuadros severos. En ese sentido, insistieron en la importancia de que las embarazadas reciban la inmunizaci\u00f3n en los plazos recomendados y recordaron que el calendario de vacunaci\u00f3n infantil debe cumplirse sin demoras.<\/p>\n\n\n\n<p>Ante el incremento de casos, los hospitales y centros de salud reforzaron la vigilancia epidemiol\u00f3gica y mantienen activa la detecci\u00f3n temprana de s\u00edntomas compatibles con la infecci\u00f3n. Las autoridades sanitarias solicitaron acudir de inmediato a una consulta m\u00e9dica frente a episodios de tos persistente, dificultades respiratorias o pausas de apnea en beb\u00e9s.<\/p>\n\n\n\n<p>El Ministerio de Salud continuar\u00e1 monitoreando la situaci\u00f3n junto a efectores p\u00fablicos y privados, al tiempo que busca fortalecer la campa\u00f1a de vacunaci\u00f3n para evitar nuevos cuadros graves.<\/p>\n\n\n\n<p><strong>Aumento de casos con epicentro en Rosario<\/strong><\/p>\n\n\n\n<p>Entre las semanas epidemiol\u00f3gicas 1 y 45 de 2025, hasta el 8 de noviembre, se notificaron 207 casos sospechosos de coqueluche en Santa Fe. De ellos, 30 fueron confirmados y 8 se clasificaron como probables, lo que eleva a 38 la cifra de pacientes con evidencia diagn\u00f3stica.<\/p>\n\n\n\n<p>El departamento Rosario concentra la mayor parte de los contagios: 24 de los 30 casos confirmados. Los restantes corresponden a La Capital (4), General L\u00f3pez (1) y Caseros (1).<\/p>\n\n\n\n<p>Los beb\u00e9s menores de un a\u00f1o son el grupo m\u00e1s afectado, con 16 casos confirmados, todos en etapa postneonatal (entre 29 y 365 d\u00edas). El segundo grupo con mayor incidencia es el de 10 a 14 a\u00f1os, con 6 casos.<\/p>\n\n\n\n<p><strong>Una enfermedad prevenible<\/strong><\/p>\n\n\n\n<p>Las autoridades sanitarias recordaron que el coqueluche\u2014tambi\u00e9n conocido como tos convulsa o tos ferina\u2014evoluciona en tres etapas (catarral, parox\u00edstica y de convalecencia) y puede generar complicaciones graves como neumon\u00eda, convulsiones o da\u00f1o neurol\u00f3gico, especialmente en beb\u00e9s menores de seis meses.<\/p>\n\n\n\n<p>La enfermedad, causada por la bacteria <em>Bordetella pertussis<\/em>, presenta ciclos epid\u00e9micos cada tres a cinco a\u00f1os y suele intensificarse en invierno y principios de la primavera. Es prevenible mediante vacunas que contienen el componente pertussis, presentes en la s\u00e9xtuple, pentavalente, triple bacteriana celular y triple bacteriana acelular.<\/p>\n\n\n\n<p>La transmisi\u00f3n ocurre a trav\u00e9s de gotitas respiratorias al toser o estornudar, por lo que la vacunaci\u00f3n de embarazadas y convivientes es clave para proteger a los reci\u00e9n nacidos. Adem\u00e1s, se trata de una enfermedad de notificaci\u00f3n obligatoria, lo que exige registrar cada caso sospechoso mediante la ficha epidemiol\u00f3gica correspondiente.<\/p>\n\n\n\n<p><strong>S\u00edntomas y contagio<\/strong><\/p>\n\n\n\n<p>Los s\u00edntomas suelen aparecer entre 7 y 10 d\u00edas despu\u00e9s del contagio. Comienzan con fiebre, secreci\u00f3n nasal y tos, que luego se intensifica y puede derivar en episodios de tos seca seguidos de convulsiva. La neumon\u00eda es una complicaci\u00f3n habitual, aunque tambi\u00e9n pueden presentarse convulsiones y encefalopat\u00edas.<\/p>\n\n\n\n<p>Sin tratamiento, el per\u00edodo de contagio puede extenderse hasta tres semanas desde el inicio de la tos. En muchos ni\u00f1os, los accesos de tos pueden prolongarse entre cuatro y ocho semanas.<\/p>\n","protected":false},"excerpt":{"rendered":"<p>El Ministerio de Salud de Santa Fe confirm\u00f3 la muerte de un beb\u00e9 de un mes en Villa Gobernador G\u00e1lvez a causa de coqueluche, en un contexto de aumento sostenido de casos en la regi\u00f3n sur de la provincia. En Rosario, donde se registra el mayor impacto, ya se contabilizan m\u00e1s de 200 pacientes entre [&hellip;]<\/p>\n","protected":false},"author":8,"featured_media":19477,"comment_status":"closed","ping_status":"open","sticky":false,"template":"","format":"standard","meta":{"tdm_status":"","tdm_grid_status":"","footnotes":""},"categories":[13],"tags":[5836,3701,53,5911],"class_list":{"0":"post-19475","1":"post","2":"type-post","3":"status-publish","4":"format-standard","5":"has-post-thumbnail","7":"category-region","8":"tag-coqueluche","9":"tag-fallecimiento","10":"tag-salud","11":"tag-vila-gobernador-galvez"},"_links":{"self":[{"href":"https:\/\/www.noticiasmas.com.ar\/index.php\/wp-json\/wp\/v2\/posts\/19475","targetHints":{"allow":["GET"]}}],"collection":[{"href":"https:\/\/www.noticiasmas.com.ar\/index.php\/wp-json\/wp\/v2\/posts"}],"about":[{"href":"https:\/\/www.noticiasmas.com.ar\/index.php\/wp-json\/wp\/v2\/types\/post"}],"author":[{"embeddable":true,"href":"https:\/\/www.noticiasmas.com.ar\/index.php\/wp-json\/wp\/v2\/users\/8"}],"replies":[{"embeddable":true,"href":"https:\/\/www.noticiasmas.com.ar\/index.php\/wp-json\/wp\/v2\/comments?post=19475"}],"version-history":[{"count":1,"href":"https:\/\/www.noticiasmas.com.ar\/index.php\/wp-json\/wp\/v2\/posts\/19475\/revisions"}],"predecessor-version":[{"id":19478,"href":"https:\/\/www.noticiasmas.com.ar\/index.php\/wp-json\/wp\/v2\/posts\/19475\/revisions\/19478"}],"wp:featuredmedia":[{"embeddable":true,"href":"https:\/\/www.noticiasmas.com.ar\/index.php\/wp-json\/wp\/v2\/media\/19477"}],"wp:attachment":[{"href":"https:\/\/www.noticiasmas.com.ar\/index.php\/wp-json\/wp\/v2\/media?parent=19475"}],"wp:term":[{"taxonomy":"category","embeddable":true,"href":"https:\/\/www.noticiasmas.com.ar\/index.php\/wp-json\/wp\/v2\/categories?post=19475"},{"taxonomy":"post_tag","embeddable":true,"href":"https:\/\/www.noticiasmas.com.ar\/index.php\/wp-json\/wp\/v2\/tags?post=19475"}],"curies":[{"name":"wp","href":"https:\/\/api.w.org\/{rel}","templated":true}]}}