{"id":19476,"date":"2025-11-17T09:14:00","date_gmt":"2025-11-17T12:14:00","guid":{"rendered":"https:\/\/www.noticiasmas.com.ar\/?p=19476"},"modified":"2025-11-17T09:14:03","modified_gmt":"2025-11-17T12:14:03","slug":"comenzaron-los-peritajes-para-determinar-las-causas-del-incendio-en-el-parque-industrial-de-spegazzini","status":"publish","type":"post","link":"https:\/\/www.noticiasmas.com.ar\/index.php\/2025\/11\/17\/comenzaron-los-peritajes-para-determinar-las-causas-del-incendio-en-el-parque-industrial-de-spegazzini\/","title":{"rendered":"Comenzaron los peritajes para determinar las causas del incendio en el Parque Industrial de Spegazzini"},"content":{"rendered":"\n<p>Ya con las cenizas esparcidas en una importante fracci\u00f3n del Parque Industrial ubicado en la localidad de Carlos Spegazzini, en las afueras de la zona suroeste del Gran Buenos Aires, los peritos comenzaron los trabajos este fin de semana para determinar las causas del incendio que impact\u00f3 al pa\u00eds el pasado viernes por la noche.<\/p>\n\n\n\n<p>Los trabajos de peritaje tienen lugar en una zona donde los bomberos a\u00fan controlan algunos focos \u00edgneos que todav\u00eda siguen activos del voraz incendio que abarc\u00f3 al menos cinco naves industriales de esta zona fabril ubicada en las afueras de la localidad de Ezeiza. <\/p>\n\n\n\n<p>El principal foco habr\u00eda ocurrido en una empresa denominada Logischem, dedicada a la log\u00edstica de productos agroqu\u00edmicos.<\/p>\n\n\n\n<p>La causa se encuentra bajo la investigaci\u00f3n de la&nbsp;<strong>fiscal<\/strong>&nbsp;<strong>Florencia Belloc<\/strong>, titular de la&nbsp;UFI 1 de Ezeiza,<strong>&nbsp;<\/strong>quien orden\u00f3 que las pericias judiciales se realicen este lunes por la ma\u00f1ana al destacar que ya no hay riesgo en la zona<\/p>\n\n\n\n<p>En las \u00faltimas horas las\u00a0<strong>aseguradoras<\/strong>\u00a0de las diversas f\u00e1bricas se hicieron presentes para constatar el da\u00f1o sufrido. Se estiman\u00a0<strong>p\u00e9rdidas millonarias<\/strong>.<\/p>\n\n\n\n<p>La idea es saber si el incendio se desat\u00f3 de&nbsp;<strong>manera intencional<\/strong>&nbsp;o si se trat\u00f3 de un&nbsp;<strong>desperfecto<\/strong>, para dar as\u00ed transcurso a una causa penal.<\/p>\n","protected":false},"excerpt":{"rendered":"<p>Ya con las cenizas esparcidas en una importante fracci\u00f3n del Parque Industrial ubicado en la localidad de Carlos Spegazzini, en las afueras de la zona suroeste del Gran Buenos Aires, los peritos comenzaron los trabajos este fin de semana para determinar las causas del incendio que impact\u00f3 al pa\u00eds el pasado viernes por la noche. [&hellip;]<\/p>\n","protected":false},"author":9,"featured_media":19479,"comment_status":"closed","ping_status":"open","sticky":false,"template":"","format":"standard","meta":{"tdm_status":"","tdm_grid_status":"","footnotes":""},"categories":[1],"tags":[765,838,5912],"class_list":{"0":"post-19476","1":"post","2":"type-post","3":"status-publish","4":"format-standard","5":"has-post-thumbnail","7":"category-nacionales","8":"tag-buenos-aires","9":"tag-incendio","10":"tag-logischem"},"_links":{"self":[{"href":"https:\/\/www.noticiasmas.com.ar\/index.php\/wp-json\/wp\/v2\/posts\/19476","targetHints":{"allow":["GET"]}}],"collection":[{"href":"https:\/\/www.noticiasmas.com.ar\/index.php\/wp-json\/wp\/v2\/posts"}],"about":[{"href":"https:\/\/www.noticiasmas.com.ar\/index.php\/wp-json\/wp\/v2\/types\/post"}],"author":[{"embeddable":true,"href":"https:\/\/www.noticiasmas.com.ar\/index.php\/wp-json\/wp\/v2\/users\/9"}],"replies":[{"embeddable":true,"href":"https:\/\/www.noticiasmas.com.ar\/index.php\/wp-json\/wp\/v2\/comments?post=19476"}],"version-history":[{"count":1,"href":"https:\/\/www.noticiasmas.com.ar\/index.php\/wp-json\/wp\/v2\/posts\/19476\/revisions"}],"predecessor-version":[{"id":19480,"href":"https:\/\/www.noticiasmas.com.ar\/index.php\/wp-json\/wp\/v2\/posts\/19476\/revisions\/19480"}],"wp:featuredmedia":[{"embeddable":true,"href":"https:\/\/www.noticiasmas.com.ar\/index.php\/wp-json\/wp\/v2\/media\/19479"}],"wp:attachment":[{"href":"https:\/\/www.noticiasmas.com.ar\/index.php\/wp-json\/wp\/v2\/media?parent=19476"}],"wp:term":[{"taxonomy":"category","embeddable":true,"href":"https:\/\/www.noticiasmas.com.ar\/index.php\/wp-json\/wp\/v2\/categories?post=19476"},{"taxonomy":"post_tag","embeddable":true,"href":"https:\/\/www.noticiasmas.com.ar\/index.php\/wp-json\/wp\/v2\/tags?post=19476"}],"curies":[{"name":"wp","href":"https:\/\/api.w.org\/{rel}","templated":true}]}}