{"id":19522,"date":"2025-11-17T19:18:34","date_gmt":"2025-11-17T22:18:34","guid":{"rendered":"https:\/\/www.noticiasmas.com.ar\/?p=19522"},"modified":"2025-11-17T19:18:38","modified_gmt":"2025-11-17T22:18:38","slug":"puerto-san-martin-celebro-con-orgullo-y-emocion-el-136-aniversario-de-su-fundacion","status":"publish","type":"post","link":"https:\/\/www.noticiasmas.com.ar\/index.php\/2025\/11\/17\/puerto-san-martin-celebro-con-orgullo-y-emocion-el-136-aniversario-de-su-fundacion\/","title":{"rendered":"Puerto San Mart\u00edn celebr\u00f3 con orgullo y emoci\u00f3n el 136 aniversario de su fundaci\u00f3n"},"content":{"rendered":"\n<p>En el marco de un acto llevado a cabo en el Teatro Municipal presidido por el Intendente Municipal, Carlos De Grandis, la ciudad de Puerto General San Mart\u00edn conmemor\u00f3 su 136 aniversario fundacional, destacando su historia, su presente y su identidad. <\/p>\n\n\n\n<p>Con momentos de emoci\u00f3n colectiva y un enorme orgullo por el presente de crecimiento de la ciudad, la oportunidad de celebraci\u00f3n permiti\u00f3 adem\u00e1s homenajear a empleados municipales en sus Bodas de Plata en servicio, y un n\u00famero art\u00edstico a cargo del Tom\u00e1s V\u00e1squez y una pareja de baile del Centro Cultural Municipal, culminando con un brindis final con la tradicional torta de aniversario. <\/p>\n\n\n\n<p>Estuvieron presentes el presidente del Concejo Municipal, Juan Manuel De Grandis, y miembros del concejo junto a miembros del gabinete municipal, autoridades invitadas. Directivos, docentes y alumnos de establecimientos educativos, centros de alfabetizaci\u00f3n, jardines de infantes, el Grupo Despertar, autoridades de las fuerzas vivas de la ciudad, representantes de sindicatos de la ciudad y la regi\u00f3n, instituciones intermedias, los ciudadano ilustres, trabajadores municipales y vecinos en general. <\/p>\n\n\n\n<figure class=\"wp-block-image size-large\"><img loading=\"lazy\" decoding=\"async\" width=\"1024\" height=\"683\" src=\"https:\/\/www.noticiasmas.com.ar\/wp-content\/uploads\/2025\/11\/136-aniversario-PGSM-1024x683.jpg\" alt=\"\" class=\"wp-image-19523\" srcset=\"https:\/\/www.noticiasmas.com.ar\/wp-content\/uploads\/2025\/11\/136-aniversario-PGSM-1024x683.jpg 1024w, https:\/\/www.noticiasmas.com.ar\/wp-content\/uploads\/2025\/11\/136-aniversario-PGSM-300x200.jpg 300w, https:\/\/www.noticiasmas.com.ar\/wp-content\/uploads\/2025\/11\/136-aniversario-PGSM-768x512.jpg 768w, https:\/\/www.noticiasmas.com.ar\/wp-content\/uploads\/2025\/11\/136-aniversario-PGSM-150x100.jpg 150w, https:\/\/www.noticiasmas.com.ar\/wp-content\/uploads\/2025\/11\/136-aniversario-PGSM-696x464.jpg 696w, https:\/\/www.noticiasmas.com.ar\/wp-content\/uploads\/2025\/11\/136-aniversario-PGSM-1068x712.jpg 1068w, https:\/\/www.noticiasmas.com.ar\/wp-content\/uploads\/2025\/11\/136-aniversario-PGSM.jpg 1200w\" sizes=\"auto, (max-width: 1024px) 100vw, 1024px\" \/><\/figure>\n\n\n\n<p>El Intendente Municipal, Carlos De Grandis, dio la bienvenida a todos los presentes y agradeci\u00f3 a todas las instituciones, agrupaciones, artistas y vecinos que a lo largo de este mes de festejos est\u00e1n participado activamente de la organizaci\u00f3n de todos los eventos programados para festejar nuestro cumplea\u00f1os, y felicit\u00f3 la eficiencia y el compromiso de los empleados que cumplieron sus bodas de plata en servicio, Oscar Anselmi, Mariela Bartoleschi, Ceferino Carrizo, Natalia G\u00f3mez, Cristian Morales, Walter Sosa y Luis Vel\u00e1squez.<\/p>\n\n\n\n<p>Carlos De Grandis asegur\u00f3 \u201ccelebramos una identidad, una forma de ser, celebramos este lugar que amamos tanto. Desde aquel Kirktown de 1889, desde aquellos pioneros que so\u00f1aron en grande cuando ac\u00e1 s\u00f3lo hab\u00eda tierra, r\u00edo y coraje, hasta este Puerto que se levanta con fuerza propia, hubo un denominador com\u00fan que jam\u00e1s nos abandon\u00f3, \u201cel hacer\u201d. Los puertenses hicimos, hacemos y vamos a seguir haciendo. Hoy podemos mirar nuestra ciudad y sentir el orgullo de una transformaci\u00f3n que no se detuvo nunca&#8221;.<\/p>\n\n\n\n<p>Durante su discurso el mandatario local prosigui\u00f3: &#8220;Puerto se volvi\u00f3 vivo, vibrante, decidido, una ciudad que se anima a m\u00e1s, que crece porque aprendi\u00f3 a planificar, a so\u00f1ar y a ejecutar. Una ciudad que acompa\u00f1a a cada vecino desde la primera infancia hasta la adultez mayor, porque entendimos que invertir en educaci\u00f3n y en oportunidades es construir ciudadan\u00eda. Por eso hoy Puerto es tambi\u00e9n una ciudad donde el conocimiento es pol\u00edtica p\u00fablica y el futuro se dise\u00f1a desde las aulas. En diciembre cerramos un ciclo y abrimos otro de cuatro a\u00f1os m\u00e1s gracias a la confianza que depositaron en las urnas. Comenzaremos una gesti\u00f3n que se vislumbra s\u00f3lida, innovadora, organizada y profundamente humana. Una etapa que no empieza desde cero: empieza desde arriba, desde todo lo que construimos juntos durante a\u00f1os&#8221;, afirm\u00f3<\/p>\n\n\n\n<p>\u201cY lo digo con el coraz\u00f3n, Puerto tiene destino, rumbo y futuro. Sabemos que vienen grandes desaf\u00edos y los vamos a enfrentar como siempre lo hicimos: sin miedo, con decisi\u00f3n y con la frente en alto. Gestionaremos en Naci\u00f3n y Provincia la infraestructura que corresponde a la ciudad que somos, exigiremos seguridad moderna, servicios de calidad y participaci\u00f3n plena en las decisiones que definen nuestra regi\u00f3n, porque Puerto no es un punto en el mapa: es un actor, es una voz, es una fuerza. Vamos hacia un Puerto accesible, integrado, sostenible, seguro, innovador, educativo, cultural y profundamente competitivo. Un Puerto que abraza lo nuevo sin olvidar su esencia, un Puerto que honra a sus pioneros pero avanza sin detenerse, un Puerto que no se resigna, se supera&#8221;. Y finaliz\u00f3, &#8220;queridos vecinos, sigamos escribiendo juntos esta historia que nos trasciende&#8221;.<\/p>\n","protected":false},"excerpt":{"rendered":"<p>En el marco de un acto llevado a cabo en el Teatro Municipal presidido por el Intendente Municipal, Carlos De Grandis, la ciudad de Puerto General San Mart\u00edn conmemor\u00f3 su 136 aniversario fundacional, destacando su historia, su presente y su identidad. Con momentos de emoci\u00f3n colectiva y un enorme orgullo por el presente de crecimiento [&hellip;]<\/p>\n","protected":false},"author":5,"featured_media":19524,"comment_status":"closed","ping_status":"open","sticky":false,"template":"","format":"standard","meta":{"tdm_status":"","tdm_grid_status":"","footnotes":""},"categories":[13],"tags":[5866,4526,52,2564],"class_list":{"0":"post-19522","1":"post","2":"type-post","3":"status-publish","4":"format-standard","5":"has-post-thumbnail","7":"category-region","8":"tag-136-aniversario","9":"tag-acto-protocolar","10":"tag-puerto-san-martin","11":"tag-teatro-municipal"},"_links":{"self":[{"href":"https:\/\/www.noticiasmas.com.ar\/index.php\/wp-json\/wp\/v2\/posts\/19522","targetHints":{"allow":["GET"]}}],"collection":[{"href":"https:\/\/www.noticiasmas.com.ar\/index.php\/wp-json\/wp\/v2\/posts"}],"about":[{"href":"https:\/\/www.noticiasmas.com.ar\/index.php\/wp-json\/wp\/v2\/types\/post"}],"author":[{"embeddable":true,"href":"https:\/\/www.noticiasmas.com.ar\/index.php\/wp-json\/wp\/v2\/users\/5"}],"replies":[{"embeddable":true,"href":"https:\/\/www.noticiasmas.com.ar\/index.php\/wp-json\/wp\/v2\/comments?post=19522"}],"version-history":[{"count":1,"href":"https:\/\/www.noticiasmas.com.ar\/index.php\/wp-json\/wp\/v2\/posts\/19522\/revisions"}],"predecessor-version":[{"id":19525,"href":"https:\/\/www.noticiasmas.com.ar\/index.php\/wp-json\/wp\/v2\/posts\/19522\/revisions\/19525"}],"wp:featuredmedia":[{"embeddable":true,"href":"https:\/\/www.noticiasmas.com.ar\/index.php\/wp-json\/wp\/v2\/media\/19524"}],"wp:attachment":[{"href":"https:\/\/www.noticiasmas.com.ar\/index.php\/wp-json\/wp\/v2\/media?parent=19522"}],"wp:term":[{"taxonomy":"category","embeddable":true,"href":"https:\/\/www.noticiasmas.com.ar\/index.php\/wp-json\/wp\/v2\/categories?post=19522"},{"taxonomy":"post_tag","embeddable":true,"href":"https:\/\/www.noticiasmas.com.ar\/index.php\/wp-json\/wp\/v2\/tags?post=19522"}],"curies":[{"name":"wp","href":"https:\/\/api.w.org\/{rel}","templated":true}]}}