{"id":1953,"date":"2023-12-29T09:57:49","date_gmt":"2023-12-29T12:57:49","guid":{"rendered":"https:\/\/www.noticiasmas.com.ar\/?p=1953"},"modified":"2023-12-29T09:57:50","modified_gmt":"2023-12-29T12:57:50","slug":"se-conocio-el-cronograma-de-pago-de-haberes-del-mes-de-diciembre-de-2023","status":"publish","type":"post","link":"https:\/\/www.noticiasmas.com.ar\/index.php\/2023\/12\/29\/se-conocio-el-cronograma-de-pago-de-haberes-del-mes-de-diciembre-de-2023\/","title":{"rendered":"Se conoci\u00f3 el cronograma de pago de haberes del mes de diciembre de 2023"},"content":{"rendered":"\n<p>El Gobierno de la Provincia, a trav\u00e9s del Ministerio de Econom\u00eda, inform\u00f3 el cronograma de pago de los haberes del mes de diciembre, que se percibir\u00e1n a partir del martes pr\u00f3ximo. Contemplan un incremento del 6% en l\u00ednea con lo acordado con los distintos gremios en el marco de la paritaria. En simult\u00e1neo, esos aumentos ser\u00e1n percibidos por el Sector Pasivo.<\/p>\n\n\n\n<p>El cronograma para los agentes p\u00fablicos se iniciar\u00e1 el martes 2 de enero, finalizando el viernes 5. En tanto las autoridades superiores de los tres poderes percibir\u00e1n sus haberes el lunes 8.<\/p>\n\n\n\n<figure class=\"wp-block-image size-large\"><img loading=\"lazy\" decoding=\"async\" width=\"1024\" height=\"576\" src=\"https:\/\/www.noticiasmas.com.ar\/wp-content\/uploads\/2023\/12\/haberes-1024x576.jpg\" alt=\"\" class=\"wp-image-1954\" srcset=\"https:\/\/www.noticiasmas.com.ar\/wp-content\/uploads\/2023\/12\/haberes-1024x576.jpg 1024w, https:\/\/www.noticiasmas.com.ar\/wp-content\/uploads\/2023\/12\/haberes-300x169.jpg 300w, https:\/\/www.noticiasmas.com.ar\/wp-content\/uploads\/2023\/12\/haberes-768x432.jpg 768w, https:\/\/www.noticiasmas.com.ar\/wp-content\/uploads\/2023\/12\/haberes-1536x864.jpg 1536w, https:\/\/www.noticiasmas.com.ar\/wp-content\/uploads\/2023\/12\/haberes-150x84.jpg 150w, https:\/\/www.noticiasmas.com.ar\/wp-content\/uploads\/2023\/12\/haberes-696x392.jpg 696w, https:\/\/www.noticiasmas.com.ar\/wp-content\/uploads\/2023\/12\/haberes-1068x601.jpg 1068w, https:\/\/www.noticiasmas.com.ar\/wp-content\/uploads\/2023\/12\/haberes.jpg 1600w\" sizes=\"auto, (max-width: 1024px) 100vw, 1024px\" \/><\/figure>\n\n\n\n<p><strong>Martes 2 de enero de 2024<\/strong><\/p>\n\n\n\n<ul class=\"wp-block-list\">\n<li>Pasivos a los que les corresponde percibir un monto de bolsillo de hasta $ 394.000<\/li>\n\n\n\n<li>Escalaf\u00f3n Policial<\/li>\n<\/ul>\n\n\n\n<p><strong>Mi\u00e9rcoles 3 de enero de 2024<\/strong><\/p>\n\n\n\n<ul class=\"wp-block-list\">\n<li>Activos a los que le corresponde percibir un monto de bolsillo de hasta $ 375.000<\/li>\n\n\n\n<li>Docentes de Escuelas Privadas Transferidas 1\u00b0 y 2\u00b0 Convenio<\/li>\n<\/ul>\n\n\n\n<p><strong>Jueves 4 de enero de 2024<\/strong><\/p>\n\n\n\n<ul class=\"wp-block-list\">\n<li>Resto de activos a los que les corresponde percibir un monto de bolsillo superior a $ 375.000<\/li>\n\n\n\n<li>Docentes de Escuelas Privadas Hist\u00f3ricas<\/li>\n<\/ul>\n\n\n\n<p><strong>Viernes 5 de enero de 2024<\/strong><\/p>\n\n\n\n<ul class=\"wp-block-list\">\n<li>Resto de pasivos a los que les corresponde percibir un monto de bolsillo superior a los $ 394.000<\/li>\n<\/ul>\n\n\n\n<p><strong>Lunes 8 de enero de 2024<\/strong><\/p>\n\n\n\n<ul class=\"wp-block-list\">\n<li>Autoridades Superiores Poder Judicial, Poder Legislativo y Poder Ejecutivo.<\/li>\n<\/ul>\n","protected":false},"excerpt":{"rendered":"<p>El Gobierno de la Provincia, a trav\u00e9s del Ministerio de Econom\u00eda, inform\u00f3 el cronograma de pago de los haberes del mes de diciembre, que se percibir\u00e1n a partir del martes pr\u00f3ximo. Contemplan un incremento del 6% en l\u00ednea con lo acordado con los distintos gremios en el marco de la paritaria. En simult\u00e1neo, esos aumentos [&hellip;]<\/p>\n","protected":false},"author":3,"featured_media":1413,"comment_status":"closed","ping_status":"open","sticky":false,"template":"","format":"standard","meta":{"tdm_status":"","tdm_grid_status":"","footnotes":""},"categories":[14],"tags":[550,620,106],"class_list":{"0":"post-1953","1":"post","2":"type-post","3":"status-publish","4":"format-standard","5":"has-post-thumbnail","7":"category-provinciales","8":"tag-cronograma-de-pagos","9":"tag-diciembre","10":"tag-haberes"},"_links":{"self":[{"href":"https:\/\/www.noticiasmas.com.ar\/index.php\/wp-json\/wp\/v2\/posts\/1953","targetHints":{"allow":["GET"]}}],"collection":[{"href":"https:\/\/www.noticiasmas.com.ar\/index.php\/wp-json\/wp\/v2\/posts"}],"about":[{"href":"https:\/\/www.noticiasmas.com.ar\/index.php\/wp-json\/wp\/v2\/types\/post"}],"author":[{"embeddable":true,"href":"https:\/\/www.noticiasmas.com.ar\/index.php\/wp-json\/wp\/v2\/users\/3"}],"replies":[{"embeddable":true,"href":"https:\/\/www.noticiasmas.com.ar\/index.php\/wp-json\/wp\/v2\/comments?post=1953"}],"version-history":[{"count":1,"href":"https:\/\/www.noticiasmas.com.ar\/index.php\/wp-json\/wp\/v2\/posts\/1953\/revisions"}],"predecessor-version":[{"id":1955,"href":"https:\/\/www.noticiasmas.com.ar\/index.php\/wp-json\/wp\/v2\/posts\/1953\/revisions\/1955"}],"wp:featuredmedia":[{"embeddable":true,"href":"https:\/\/www.noticiasmas.com.ar\/index.php\/wp-json\/wp\/v2\/media\/1413"}],"wp:attachment":[{"href":"https:\/\/www.noticiasmas.com.ar\/index.php\/wp-json\/wp\/v2\/media?parent=1953"}],"wp:term":[{"taxonomy":"category","embeddable":true,"href":"https:\/\/www.noticiasmas.com.ar\/index.php\/wp-json\/wp\/v2\/categories?post=1953"},{"taxonomy":"post_tag","embeddable":true,"href":"https:\/\/www.noticiasmas.com.ar\/index.php\/wp-json\/wp\/v2\/tags?post=1953"}],"curies":[{"name":"wp","href":"https:\/\/api.w.org\/{rel}","templated":true}]}}