{"id":19561,"date":"2025-11-18T21:11:26","date_gmt":"2025-11-19T00:11:26","guid":{"rendered":"https:\/\/www.noticiasmas.com.ar\/?p=19561"},"modified":"2025-11-18T21:11:29","modified_gmt":"2025-11-19T00:11:29","slug":"los-docentes-de-la-unr-movilizan-este-miercoles-sumandose-a-la-marcha-de-ate","status":"publish","type":"post","link":"https:\/\/www.noticiasmas.com.ar\/index.php\/2025\/11\/18\/los-docentes-de-la-unr-movilizan-este-miercoles-sumandose-a-la-marcha-de-ate\/","title":{"rendered":"LOS DOCENTES DE LA UNR MOVILIZAN ESTE MI\u00c9RCOLES SUM\u00c1NDOSE A LA MARCHA DE ATE"},"content":{"rendered":"\n<p>Los docentes de la Universidad Nacional de Rosario (UNR) movilizan ma\u00f1ana mi\u00e9rcoles 19 de noviembre, sum\u00e1ndose a la Jornada Nacional de Lucha impulsada por los estatales nucleados en ATE por reclamos que convocan al conjunto de trabajadores como reapertura de las paritarias y el rechazo a la reforma laboral regresiva impulsada por el Gobierno Nacional.<\/p>\n\n\n\n<p>Ese mismo d\u00edas- se\u00f1alaron desde el gremio COAD \u2013 los trabajadores No Docentes realizan un paro de actividades en todo el pa\u00eds. Ac\u00e1 en Rosario y zona se adhiri\u00f3 el gremio local Apur.<\/p>\n\n\n\n<p>Desde COAD, tenemos la convicci\u00f3n de que la \u00fanica forma de frenar \u201cla ofensiva proempresarial y anti derechos laborales es con lucha y en unidad\u201d, indic\u00f3 el gremio en un comunicado y por esta raz\u00f3n, \u201dconvocamos a participar y movilizarnos\u201d, ma\u00f1ana mi\u00e9rcoles 19 de noviembre desde las 12h en Sarmiento y Urquiza.<\/p>\n","protected":false},"excerpt":{"rendered":"<p>Los docentes de la Universidad Nacional de Rosario (UNR) movilizan ma\u00f1ana mi\u00e9rcoles 19 de noviembre, sum\u00e1ndose a la Jornada Nacional de Lucha impulsada por los estatales nucleados en ATE por reclamos que convocan al conjunto de trabajadores como reapertura de las paritarias y el rechazo a la reforma laboral regresiva impulsada por el Gobierno Nacional. [&hellip;]<\/p>\n","protected":false},"author":5,"featured_media":8918,"comment_status":"closed","ping_status":"open","sticky":false,"template":"","format":"standard","meta":{"tdm_status":"","tdm_grid_status":"","footnotes":""},"categories":[13],"tags":[2682,226,5938,5939,5940,163,546],"class_list":{"0":"post-19561","1":"post","2":"type-post","3":"status-publish","4":"format-standard","5":"has-post-thumbnail","7":"category-region","8":"tag-apur","9":"tag-gremiales","10":"tag-marcha-de-ate","11":"tag-reapertura-de-paritarias","12":"tag-rechazo-a-la-reforma-laboral","13":"tag-rosario","14":"tag-unr"},"_links":{"self":[{"href":"https:\/\/www.noticiasmas.com.ar\/index.php\/wp-json\/wp\/v2\/posts\/19561","targetHints":{"allow":["GET"]}}],"collection":[{"href":"https:\/\/www.noticiasmas.com.ar\/index.php\/wp-json\/wp\/v2\/posts"}],"about":[{"href":"https:\/\/www.noticiasmas.com.ar\/index.php\/wp-json\/wp\/v2\/types\/post"}],"author":[{"embeddable":true,"href":"https:\/\/www.noticiasmas.com.ar\/index.php\/wp-json\/wp\/v2\/users\/5"}],"replies":[{"embeddable":true,"href":"https:\/\/www.noticiasmas.com.ar\/index.php\/wp-json\/wp\/v2\/comments?post=19561"}],"version-history":[{"count":1,"href":"https:\/\/www.noticiasmas.com.ar\/index.php\/wp-json\/wp\/v2\/posts\/19561\/revisions"}],"predecessor-version":[{"id":19562,"href":"https:\/\/www.noticiasmas.com.ar\/index.php\/wp-json\/wp\/v2\/posts\/19561\/revisions\/19562"}],"wp:featuredmedia":[{"embeddable":true,"href":"https:\/\/www.noticiasmas.com.ar\/index.php\/wp-json\/wp\/v2\/media\/8918"}],"wp:attachment":[{"href":"https:\/\/www.noticiasmas.com.ar\/index.php\/wp-json\/wp\/v2\/media?parent=19561"}],"wp:term":[{"taxonomy":"category","embeddable":true,"href":"https:\/\/www.noticiasmas.com.ar\/index.php\/wp-json\/wp\/v2\/categories?post=19561"},{"taxonomy":"post_tag","embeddable":true,"href":"https:\/\/www.noticiasmas.com.ar\/index.php\/wp-json\/wp\/v2\/tags?post=19561"}],"curies":[{"name":"wp","href":"https:\/\/api.w.org\/{rel}","templated":true}]}}