{"id":19585,"date":"2025-11-19T15:39:01","date_gmt":"2025-11-19T18:39:01","guid":{"rendered":"https:\/\/www.noticiasmas.com.ar\/?p=19585"},"modified":"2025-11-19T15:39:05","modified_gmt":"2025-11-19T18:39:05","slug":"capitan-bermudez-demoraron-a-dos-hombres-y-secuestraron-un-auto-con-pedido-de-captura","status":"publish","type":"post","link":"https:\/\/www.noticiasmas.com.ar\/index.php\/2025\/11\/19\/capitan-bermudez-demoraron-a-dos-hombres-y-secuestraron-un-auto-con-pedido-de-captura\/","title":{"rendered":"Capit\u00e1n Berm\u00fadez: demoraron a dos hombres y secuestraron un auto con pedido de captura"},"content":{"rendered":"\n<p>La <strong>Unidad Regional XVII<\/strong> inform\u00f3 que durante la noche del <strong>18 de noviembre<\/strong>, personal del <strong>Comando Radioel\u00e9ctrico de Capit\u00e1n Berm\u00fadez<\/strong> demor\u00f3 a dos hombres y secuestr\u00f3 un veh\u00edculo que presentaba <strong>pedido de captura vigente<\/strong>.<\/p>\n\n\n\n<p>El operativo se realiz\u00f3 cerca de las <strong>23:45<\/strong>, en una vivienda ubicada en <strong>calle Jos\u00e9 Hern\u00e1ndez al 200<\/strong>. Los agentes fueron comisionados por la <strong>Central 911<\/strong> tras una alerta sobre un <strong>Volkswagen Gol Trend<\/strong> requerido por la Justicia. Al llegar al domicilio se\u00f1alado, los efectivos localizaron el auto en el <strong>patio del inmueble<\/strong>, cubierto con una lona.<\/p>\n\n\n\n<p>Luego de entrevistarse con el residente, se confirm\u00f3 que se trataba del rodado buscado. Ante ello, se dio intervenci\u00f3n inmediata a la <strong>Fiscal\u00eda en turno<\/strong>, que orden\u00f3 la <strong>demora de los dos ocupantes<\/strong> y el <strong>secuestro del veh\u00edculo<\/strong>, adem\u00e1s de diversos elementos encontrados en el lugar: <strong>dos cubiertas con llantas auxiliares, un gato, una tiquetera y un estuche con documentaciones varias<\/strong>.<\/p>\n\n\n\n<p>En el sitio se realizaron las actuaciones correspondientes, con la presencia de un <strong>testigo<\/strong> y del <strong>m\u00e9dico policial<\/strong> para las certificaciones de rigor. Todo lo actuado fue remitido a la <strong>Comisar\u00eda 2\u00aa de Capit\u00e1n Berm\u00fadez<\/strong>, donde contin\u00faan las diligencias judiciales bajo directivas del Ministerio P\u00fablico de la Acusaci\u00f3n.<\/p>\n","protected":false},"excerpt":{"rendered":"<p>La Unidad Regional XVII inform\u00f3 que durante la noche del 18 de noviembre, personal del Comando Radioel\u00e9ctrico de Capit\u00e1n Berm\u00fadez demor\u00f3 a dos hombres y secuestr\u00f3 un veh\u00edculo que presentaba pedido de captura vigente. El operativo se realiz\u00f3 cerca de las 23:45, en una vivienda ubicada en calle Jos\u00e9 Hern\u00e1ndez al 200. Los agentes fueron [&hellip;]<\/p>\n","protected":false},"author":9,"featured_media":19586,"comment_status":"closed","ping_status":"open","sticky":false,"template":"","format":"standard","meta":{"tdm_status":"","tdm_grid_status":"","footnotes":""},"categories":[9],"tags":[247,110,172],"class_list":{"0":"post-19585","1":"post","2":"type-post","3":"status-publish","4":"format-standard","5":"has-post-thumbnail","7":"category-policiales","8":"tag-capitan-bermudez","9":"tag-detenido","10":"tag-policiales"},"_links":{"self":[{"href":"https:\/\/www.noticiasmas.com.ar\/index.php\/wp-json\/wp\/v2\/posts\/19585","targetHints":{"allow":["GET"]}}],"collection":[{"href":"https:\/\/www.noticiasmas.com.ar\/index.php\/wp-json\/wp\/v2\/posts"}],"about":[{"href":"https:\/\/www.noticiasmas.com.ar\/index.php\/wp-json\/wp\/v2\/types\/post"}],"author":[{"embeddable":true,"href":"https:\/\/www.noticiasmas.com.ar\/index.php\/wp-json\/wp\/v2\/users\/9"}],"replies":[{"embeddable":true,"href":"https:\/\/www.noticiasmas.com.ar\/index.php\/wp-json\/wp\/v2\/comments?post=19585"}],"version-history":[{"count":1,"href":"https:\/\/www.noticiasmas.com.ar\/index.php\/wp-json\/wp\/v2\/posts\/19585\/revisions"}],"predecessor-version":[{"id":19587,"href":"https:\/\/www.noticiasmas.com.ar\/index.php\/wp-json\/wp\/v2\/posts\/19585\/revisions\/19587"}],"wp:featuredmedia":[{"embeddable":true,"href":"https:\/\/www.noticiasmas.com.ar\/index.php\/wp-json\/wp\/v2\/media\/19586"}],"wp:attachment":[{"href":"https:\/\/www.noticiasmas.com.ar\/index.php\/wp-json\/wp\/v2\/media?parent=19585"}],"wp:term":[{"taxonomy":"category","embeddable":true,"href":"https:\/\/www.noticiasmas.com.ar\/index.php\/wp-json\/wp\/v2\/categories?post=19585"},{"taxonomy":"post_tag","embeddable":true,"href":"https:\/\/www.noticiasmas.com.ar\/index.php\/wp-json\/wp\/v2\/tags?post=19585"}],"curies":[{"name":"wp","href":"https:\/\/api.w.org\/{rel}","templated":true}]}}