{"id":19638,"date":"2025-11-20T09:20:46","date_gmt":"2025-11-20T12:20:46","guid":{"rendered":"https:\/\/www.noticiasmas.com.ar\/?p=19638"},"modified":"2025-11-20T09:20:49","modified_gmt":"2025-11-20T12:20:49","slug":"otra-vez-un-patrullero-protagonizo-un-impactante-choque-en-el-centro-de-rosario","status":"publish","type":"post","link":"https:\/\/www.noticiasmas.com.ar\/index.php\/2025\/11\/20\/otra-vez-un-patrullero-protagonizo-un-impactante-choque-en-el-centro-de-rosario\/","title":{"rendered":"Otra vez un patrullero protagoniz\u00f3 un impactante choque en el centro de Rosario"},"content":{"rendered":"\n<p>Un patrullero de la Polic\u00eda de Santa Fe impact\u00f3 contra otro veh\u00edculo durante la noche de este mi\u00e9rcoles en la zona de 9 de Julio e Italia del centro de la ciudad de Rosario.&nbsp;<\/p>\n\n\n\n<p>Producto del siniestro, cuatro personas resultaron heridas, tanto quienes viajaban en el auto particular como los agentes de la Polic\u00eda de Santa Fe que circulaban en el patrullero.<\/p>\n\n\n\n<p>La mec\u00e1nica del hecho indic\u00f3 que el m\u00f3vil policial circulaba por calle Italia. Al llegar al cruce con 9 de Julio, teniendo prioridad, impact\u00f3 contra una Chevrolet Meriva en la que circulaban dos plomeros, ambos padre e hijo.<\/p>\n\n\n\n<p>Seg\u00fan public\u00f3 el medio Sin Mordaza, desde el <strong>Ministerio de Seguridad de Santa Fe<\/strong> confirmaron que el m\u00f3vil <strong>\u201cno estaba en persecuci\u00f3n\u201d<\/strong> al momento del impacto, algo que contradice el hecho de que el auto, atento al relato de testigos, circulaba a alta velocidad.&nbsp;<\/p>\n\n\n\n<p>Una de las conductoras del m\u00f3vil policial, una mujer, tuvo varios politraumatismos pero se encuentra fuera de peligro.<\/p>\n","protected":false},"excerpt":{"rendered":"<p>Un patrullero de la Polic\u00eda de Santa Fe impact\u00f3 contra otro veh\u00edculo durante la noche de este mi\u00e9rcoles en la zona de 9 de Julio e Italia del centro de la ciudad de Rosario.&nbsp; Producto del siniestro, cuatro personas resultaron heridas, tanto quienes viajaban en el auto particular como los agentes de la Polic\u00eda de [&hellip;]<\/p>\n","protected":false},"author":9,"featured_media":19639,"comment_status":"closed","ping_status":"open","sticky":false,"template":"","format":"standard","meta":{"tdm_status":"","tdm_grid_status":"","footnotes":""},"categories":[9],"tags":[177,163,18,571],"class_list":{"0":"post-19638","1":"post","2":"type-post","3":"status-publish","4":"format-standard","5":"has-post-thumbnail","7":"category-policiales","8":"tag-policia","9":"tag-rosario","10":"tag-santa-fe","11":"tag-transito"},"_links":{"self":[{"href":"https:\/\/www.noticiasmas.com.ar\/index.php\/wp-json\/wp\/v2\/posts\/19638","targetHints":{"allow":["GET"]}}],"collection":[{"href":"https:\/\/www.noticiasmas.com.ar\/index.php\/wp-json\/wp\/v2\/posts"}],"about":[{"href":"https:\/\/www.noticiasmas.com.ar\/index.php\/wp-json\/wp\/v2\/types\/post"}],"author":[{"embeddable":true,"href":"https:\/\/www.noticiasmas.com.ar\/index.php\/wp-json\/wp\/v2\/users\/9"}],"replies":[{"embeddable":true,"href":"https:\/\/www.noticiasmas.com.ar\/index.php\/wp-json\/wp\/v2\/comments?post=19638"}],"version-history":[{"count":1,"href":"https:\/\/www.noticiasmas.com.ar\/index.php\/wp-json\/wp\/v2\/posts\/19638\/revisions"}],"predecessor-version":[{"id":19640,"href":"https:\/\/www.noticiasmas.com.ar\/index.php\/wp-json\/wp\/v2\/posts\/19638\/revisions\/19640"}],"wp:featuredmedia":[{"embeddable":true,"href":"https:\/\/www.noticiasmas.com.ar\/index.php\/wp-json\/wp\/v2\/media\/19639"}],"wp:attachment":[{"href":"https:\/\/www.noticiasmas.com.ar\/index.php\/wp-json\/wp\/v2\/media?parent=19638"}],"wp:term":[{"taxonomy":"category","embeddable":true,"href":"https:\/\/www.noticiasmas.com.ar\/index.php\/wp-json\/wp\/v2\/categories?post=19638"},{"taxonomy":"post_tag","embeddable":true,"href":"https:\/\/www.noticiasmas.com.ar\/index.php\/wp-json\/wp\/v2\/tags?post=19638"}],"curies":[{"name":"wp","href":"https:\/\/api.w.org\/{rel}","templated":true}]}}