{"id":19645,"date":"2025-11-20T10:10:21","date_gmt":"2025-11-20T13:10:21","guid":{"rendered":"https:\/\/www.noticiasmas.com.ar\/?p=19645"},"modified":"2025-11-20T10:10:24","modified_gmt":"2025-11-20T13:10:24","slug":"por-que-se-celebra-el-dia-de-la-soberania-argentina-este-20-de-noviembre","status":"publish","type":"post","link":"https:\/\/www.noticiasmas.com.ar\/index.php\/2025\/11\/20\/por-que-se-celebra-el-dia-de-la-soberania-argentina-este-20-de-noviembre\/","title":{"rendered":"Por qu\u00e9 se celebra el D\u00eda de la Soberan\u00eda Argentina este 20 de noviembre"},"content":{"rendered":"\n<p>Este jueves 20 de noviembre se conmemora en todo el pa\u00eds el <strong>D\u00eda de la Soberan\u00eda Nacional<\/strong>, una fecha que recuerda la <strong>Batalla de la Vuelta de Obligado<\/strong>, ocurrida el <strong>20 de noviembre de 1845<\/strong>, cuando tropas de la Confederaci\u00f3n Argentina, bajo el mando de <strong>Juan Manuel de Rosas<\/strong> y con la conducci\u00f3n militar de <strong>Luciano Mansilla<\/strong>, enfrentaron a las poderosas escuadras de <strong>Francia y el Reino Unido<\/strong> que intentaban navegar los r\u00edos interiores sin autorizaci\u00f3n.<\/p>\n\n\n\n<p>Aunque el enfrentamiento termin\u00f3 con una derrota militar para las fuerzas argentinas, la resistencia criolla \u2014num\u00e9ricamente inferior y con menor poder armament\u00edstico\u2014 logr\u00f3 un impacto pol\u00edtico y simb\u00f3lico trascendental. La firme negativa a permitir la libre navegaci\u00f3n impuesta por las potencias europeas sent\u00f3 un precedente hist\u00f3rico y deriv\u00f3, a\u00f1os despu\u00e9s, en el reconocimiento de la <strong>soberan\u00eda argentina sobre sus r\u00edos y territorios<\/strong>.<\/p>\n\n\n\n<p>La conmemoraci\u00f3n busca destacar la importancia de la defensa de la autonom\u00eda nacional frente a presiones externas y reivindicar el valor de quienes lucharon por consolidar el proyecto soberano del pa\u00eds. En 1974 la fecha fue incluida en el calendario oficial, pero reci\u00e9n en <strong>2010<\/strong> fue declarada <strong>feriado nacional<\/strong> por ley, en un esfuerzo por fortalecer la memoria colectiva sobre este episodio clave de la historia argentina.<\/p>\n\n\n\n<p>Cada 20 de noviembre, el pa\u00eds recuerda aquella resistencia en las barrancas del r\u00edo Paran\u00e1 como una expresi\u00f3n de identidad, autodeterminaci\u00f3n y voluntad pol\u00edtica frente a los intereses imperiales de la \u00e9poca. La jornada invita adem\u00e1s a reflexionar sobre el significado contempor\u00e1neo de la soberan\u00eda en un mundo marcado por nuevos desaf\u00edos econ\u00f3micos, culturales y geopol\u00edticos.<\/p>\n","protected":false},"excerpt":{"rendered":"<p>Este jueves 20 de noviembre se conmemora en todo el pa\u00eds el D\u00eda de la Soberan\u00eda Nacional, una fecha que recuerda la Batalla de la Vuelta de Obligado, ocurrida el 20 de noviembre de 1845, cuando tropas de la Confederaci\u00f3n Argentina, bajo el mando de Juan Manuel de Rosas y con la conducci\u00f3n militar de [&hellip;]<\/p>\n","protected":false},"author":9,"featured_media":19646,"comment_status":"closed","ping_status":"open","sticky":false,"template":"","format":"standard","meta":{"tdm_status":"","tdm_grid_status":"","footnotes":""},"categories":[4],"tags":[5974,2656,5975],"class_list":{"0":"post-19645","1":"post","2":"type-post","3":"status-publish","4":"format-standard","5":"has-post-thumbnail","7":"category-culturayespectaculos","8":"tag-20-de-noviembre","9":"tag-efemerides","10":"tag-soberania-argentina"},"_links":{"self":[{"href":"https:\/\/www.noticiasmas.com.ar\/index.php\/wp-json\/wp\/v2\/posts\/19645","targetHints":{"allow":["GET"]}}],"collection":[{"href":"https:\/\/www.noticiasmas.com.ar\/index.php\/wp-json\/wp\/v2\/posts"}],"about":[{"href":"https:\/\/www.noticiasmas.com.ar\/index.php\/wp-json\/wp\/v2\/types\/post"}],"author":[{"embeddable":true,"href":"https:\/\/www.noticiasmas.com.ar\/index.php\/wp-json\/wp\/v2\/users\/9"}],"replies":[{"embeddable":true,"href":"https:\/\/www.noticiasmas.com.ar\/index.php\/wp-json\/wp\/v2\/comments?post=19645"}],"version-history":[{"count":1,"href":"https:\/\/www.noticiasmas.com.ar\/index.php\/wp-json\/wp\/v2\/posts\/19645\/revisions"}],"predecessor-version":[{"id":19647,"href":"https:\/\/www.noticiasmas.com.ar\/index.php\/wp-json\/wp\/v2\/posts\/19645\/revisions\/19647"}],"wp:featuredmedia":[{"embeddable":true,"href":"https:\/\/www.noticiasmas.com.ar\/index.php\/wp-json\/wp\/v2\/media\/19646"}],"wp:attachment":[{"href":"https:\/\/www.noticiasmas.com.ar\/index.php\/wp-json\/wp\/v2\/media?parent=19645"}],"wp:term":[{"taxonomy":"category","embeddable":true,"href":"https:\/\/www.noticiasmas.com.ar\/index.php\/wp-json\/wp\/v2\/categories?post=19645"},{"taxonomy":"post_tag","embeddable":true,"href":"https:\/\/www.noticiasmas.com.ar\/index.php\/wp-json\/wp\/v2\/tags?post=19645"}],"curies":[{"name":"wp","href":"https:\/\/api.w.org\/{rel}","templated":true}]}}