{"id":19659,"date":"2025-11-20T12:15:32","date_gmt":"2025-11-20T15:15:32","guid":{"rendered":"https:\/\/www.noticiasmas.com.ar\/?p=19659"},"modified":"2025-11-20T12:15:35","modified_gmt":"2025-11-20T15:15:35","slug":"frente-amplio-por-la-soberania-un-bloque-que-sigue-defendiendo-la-soberania","status":"publish","type":"post","link":"https:\/\/www.noticiasmas.com.ar\/index.php\/2025\/11\/20\/frente-amplio-por-la-soberania-un-bloque-que-sigue-defendiendo-la-soberania\/","title":{"rendered":"FRENTE AMPLIO POR LA SOBERAN\u00cdA: &#8220;UN BLOQUE QUE SIGUE DEFENDIENDO LA SOBERAN\u00cdA&#8221;"},"content":{"rendered":"\n<p>En el marco del 20 de noviembre, hacemos un repaso del trabajo legislativo sobre este tema realizado por el bloque del FRENTE AMPLIO POR LA SOBERAN\u00cdA integrado por Carlos del Frade, Claudia Balagu\u00e9 y Fabian Palo Oliver.<br><\/p>\n\n\n\n<p>La fecha del 20 de noviembre siempre trae consigo un temblor hist\u00f3rico. Sin embargo, no es una postal quieta: es un recordatorio de que la soberan\u00eda se ejerce o se pierde, pero nunca se declama sin consecuencias.<br><\/p>\n\n\n\n<p>Con tres elecciones y una reforma constitucional que ocup\u00f3 gran parte de la pol\u00edtica santafesina, el 2025 es un a\u00f1o que estuvo y est\u00e1 determinado por el proyecto pro colonial con el que avanza el Gobierno Nacional. El Frente Amplio por la Soberan\u00eda trabaj\u00f3 desde todos los espacios que protagoniza para construir la esperanza que revierta esta situaci\u00f3n. Por eso dentro y fuera de la Legislatura, la defensa de la soberan\u00eda fue un trabajo sostenido en todo el per\u00edodo.<br><\/p>\n\n\n\n<p>A lo largo de meses complejos, el bloque llev\u00f3 a la agenda temas que, aunque diversos, comparten un mismo hilo: qui\u00e9n, c\u00f3mo y d\u00f3nde se decide sobre nuestros bienes comunes, sobre el r\u00edo que estructura la econom\u00eda nacional, sobre la producci\u00f3n y el trabajo, sobre el ambiente que sostiene la vida, sobre la ciencia que permite proyectar futuro. Esa constancia permiti\u00f3 que discusiones que desde el poder real pretenden evitarse, estuvieran presentes en la legislatura santafesina.<\/p>\n\n\n\n<p><br>La defensa de la soberan\u00eda tom\u00f3 forma en proyectos de ley, pedidos de informes, pronunciamientos pol\u00edticos y posicionamientos p\u00fablicos que no se limitaron a reaccionar frente a hechos consumados. Hubo investigaci\u00f3n, escucha, denuncias y propuestas: Santa Fe es un territorio donde la soberan\u00eda se juega todos los d\u00edas, en decisiones aparentemente t\u00e9cnicas que definen qui\u00e9n controla el agua, qui\u00e9n se queda con las riquezas que producimos, qui\u00e9n domina el comercio exterior y qui\u00e9n protege o abandona los territorios que sostienen la vida.<\/p>\n\n\n\n<p><br>En este 20 de noviembre, la consigna vuelve a condensar esa pr\u00e1ctica cotidiana: seguimos defendiendo la soberan\u00eda nacional. No se trata de nostalgia ni de \u00e9pica vac\u00eda, sino de una continuidad de decisiones que orientan el presente y el futuro del pueblo santafesino y argentino.<\/p>\n\n\n\n<h1 class=\"wp-block-heading\">Soberan\u00eda2025<\/h1>\n\n\n\n<p>PROYECTOS PRESENTADOS POR EL BLOQUE:<\/p>\n\n\n\n<figure class=\"wp-block-image size-large\"><img loading=\"lazy\" decoding=\"async\" width=\"1024\" height=\"683\" src=\"https:\/\/www.noticiasmas.com.ar\/wp-content\/uploads\/2025\/11\/Frente-amplio-por-la-soberania-integrantes-1024x683.jpg\" alt=\"\" class=\"wp-image-19660\" srcset=\"https:\/\/www.noticiasmas.com.ar\/wp-content\/uploads\/2025\/11\/Frente-amplio-por-la-soberania-integrantes-1024x683.jpg 1024w, https:\/\/www.noticiasmas.com.ar\/wp-content\/uploads\/2025\/11\/Frente-amplio-por-la-soberania-integrantes-300x200.jpg 300w, https:\/\/www.noticiasmas.com.ar\/wp-content\/uploads\/2025\/11\/Frente-amplio-por-la-soberania-integrantes-768x512.jpg 768w, https:\/\/www.noticiasmas.com.ar\/wp-content\/uploads\/2025\/11\/Frente-amplio-por-la-soberania-integrantes-150x100.jpg 150w, https:\/\/www.noticiasmas.com.ar\/wp-content\/uploads\/2025\/11\/Frente-amplio-por-la-soberania-integrantes-696x464.jpg 696w, https:\/\/www.noticiasmas.com.ar\/wp-content\/uploads\/2025\/11\/Frente-amplio-por-la-soberania-integrantes-1068x712.jpg 1068w, https:\/\/www.noticiasmas.com.ar\/wp-content\/uploads\/2025\/11\/Frente-amplio-por-la-soberania-integrantes.jpg 1200w\" sizes=\"auto, (max-width: 1024px) 100vw, 1024px\" \/><\/figure>\n\n\n\n<p>I. Defensa de la Soberan\u00eda territorial<\/p>\n\n\n\n<ul class=\"wp-block-list\">\n<li>D\u00eda Provincial de la Integridad Territorial Argentina.<\/li>\n\n\n\n<li>D\u00eda de la Conciencia por la Ocupaci\u00f3n Ilegal de las Islas Malvinas.<\/li>\n\n\n\n<li>D\u00eda de la Conciencia Federal.<\/li>\n\n\n\n<li>D\u00eda de la Soberan\u00eda sobre Nuestros R\u00edos.<\/li>\n\n\n\n<li>Repudio a las declaraciones del embajador estadounidense Peter Lamelas.<\/li>\n\n\n\n<li>Informaci\u00f3n sobre participaci\u00f3n de la Regi\u00f3n Centro en la licitaci\u00f3n del Paran\u00e1.<\/li>\n\n\n\n<li>Rechazo al uso de anglicismos en programas oficiales (\u201cIn Company\u201d).<\/li>\n\n\n\n<li>Creaci\u00f3n del Fondo Especial de Reparaci\u00f3n Hist\u00f3rica para Comunidades Ind\u00edgenas.<\/li>\n<\/ul>\n\n\n\n<p>II. Defensa del r\u00edo Paran\u00e1<\/p>\n\n\n\n<ul class=\"wp-block-list\">\n<li>Revisi\u00f3n y freno al proceso de licitaci\u00f3n p\u00fablica nacional e internacional de la V\u00eda Navegable Troncal.<\/li>\n\n\n\n<li>Estudio ambiental, fundamentos y modelo de gesti\u00f3n del dragado, balizamiento y peaje.<\/li>\n\n\n\n<li>Informaci\u00f3n sobre explotaci\u00f3n de Terminal Puerto Rosario por Ultramar.<\/li>\n\n\n\n<li>Informaci\u00f3n sobre el \u201cPlan Paran\u00e1\u201d del Ministerio de Seguridad.<\/li>\n\n\n\n<li>Situaci\u00f3n de las terminales portuarias provinciales.<\/li>\n\n\n\n<li>Revisi\u00f3n del decreto que elimina serenos en embarcaciones extranjeras.<\/li>\n\n\n\n<li>Control de pesca ilegal.<\/li>\n\n\n\n<li>Participaci\u00f3n de la Regi\u00f3n Centro en la licitaci\u00f3n.<\/li>\n\n\n\n<li>Exportaci\u00f3n de litio desde el puerto de Rosario.<\/li>\n<\/ul>\n\n\n\n<p>III. Defensa del ambiente<\/p>\n\n\n\n<ul class=\"wp-block-list\">\n<li>Falta de estudio de impacto ambiental en la licitaci\u00f3n del dragado y peaje del Paran\u00e1.<\/li>\n\n\n\n<li>Control, prevenci\u00f3n y sanci\u00f3n de la pesca ilegal.<\/li>\n\n\n\n<li>Impactos de la desregulaci\u00f3n del SENASA en materia sanitaria.<\/li>\n\n\n\n<li>Evaluaci\u00f3n ambiental del proyecto inmobiliario Remanso Valerio (Rosario\u2013Victoria).<\/li>\n\n\n\n<li>Informaci\u00f3n sobre acciones ambientales vinculadas al manejo del agua.<\/li>\n\n\n\n<li><\/li>\n\n\n\n<li>IV. Defensa del trabajo, la producci\u00f3n y el patrimonio nacional<\/li>\n\n\n\n<li><\/li>\n\n\n\n<li>Restituci\u00f3n al pa\u00eds de USD 791 millones transferidos por Vicentin.<\/li>\n\n\n\n<li>Apertura de una instituci\u00f3n de educaci\u00f3n t\u00e9cnico profesional en Santo Tom\u00e9.<\/li>\n\n\n\n<li>Contra la desregulaci\u00f3n del SENASA.<\/li>\n\n\n\n<li>Revisi\u00f3n del Decreto 37\/2025 que elimina la obligatoriedad de serenos en buques extranjeros.<\/li>\n\n\n\n<li>Reestatizaci\u00f3n del Banco de Santa Fe.<\/li>\n\n\n\n<li>Rechazo al decreto que transforma Banco Naci\u00f3n en S.A.<\/li>\n\n\n\n<li>Registro de Mercados Mayoristas Frutihort\u00edcolas de la Provincia.<\/li>\n\n\n\n<li>Ley de Producci\u00f3n y Acceso a Alimentos.<\/li>\n\n\n\n<li>Solicitud de datos sobre vol\u00famenes de exportaci\u00f3n con Aduana de origen.<\/li>\n\n\n\n<li>Pedidos de informes sobre el dinero correspondiente al Estado provincial por exportaciones.<\/li>\n\n\n\n<li>Pedidos de informes sobre fondos para los municipios de Santa Fe y Rosario vinculados a actividad portuaria.<\/li>\n\n\n\n<li>Estado, frecuencias y proyectos ferroviarios dentro de la provincia.<\/li>\n\n\n\n<li><\/li>\n\n\n\n<li>V. Defensa de la ciencia y la tecnolog\u00eda<\/li>\n\n\n\n<li><\/li>\n\n\n\n<li>Distinci\u00f3n a investigadores de la Planta P\u00fablica de Medicamentos (UNR).<\/li>\n\n\n\n<li>Rechazo a la reducci\u00f3n de ingresos a la carrera del investigador cient\u00edfico (CONICET).<\/li>\n\n\n\n<li>Rechazo al Decreto 462\/25 que precariza al CONICET.<\/li>\n\n\n\n<li>Preocupaci\u00f3n por el mismo decreto en cuanto al impacto sobre INTA, INTI y otros organismos.<\/li>\n\n\n\n<li><\/li>\n\n\n\n<li>VI. Defensa de nuestros bienes comunes<\/li>\n\n\n\n<li><\/li>\n\n\n\n<li>Defensa del Instituto Nacional del Agua.<\/li>\n\n\n\n<li>Defensa de la Isla de los M\u00e1stiles.<\/li>\n\n\n\n<li>Solicitud de informaci\u00f3n sobre exportaci\u00f3n de litio desde Terminal Puerto Rosario.<\/li>\n\n\n\n<li>Solicitud sobre cumplimiento de la Ley Provincial de Aguas.<\/li>\n\n\n\n<li>Preocupaci\u00f3n ante la privatizaci\u00f3n de AYSA.<\/li>\n\n\n\n<li>\u201dSoberan\u00eda es el Paran\u00e1 en manos argentinas\u201d<\/li>\n\n\n\n<li>Dip. Carlos del Frade, autor del Proyecto \u201c4 de Junio, Dia de la Soberan\u00eda sobre r\u00edos y v\u00edas navegables\u201d<\/li>\n\n\n\n<li>\u201cTenemos un compromiso permanente de promover la reflexi\u00f3n ciudadana, la formaci\u00f3n hist\u00f3rica cr\u00edtica y la unidad nacional en torno a la defensa de la soberan\u00eda.\u201d<\/li>\n\n\n\n<li>Dip. Claudia Balagu\u00e9. Autora del Proyecto \u201c28 de Julio, D\u00eda provincial de la integridad territorial\u201d<\/li>\n\n\n\n<li>\u201dEl problema de fondo es el modelo de pesca extractivista de aguas continentales que beneficia a unos pocos&#8221;<\/li>\n\n\n\n<li>Dip. Fabi\u00e1n Palo Oliver, autor del Proyecto \u201cControl, prevenci\u00f3n y sanci\u00f3n de la pesca ilegal.\u201d<\/li>\n\n\n\n<li><\/li>\n\n\n\n<li>Fuente: Secretar\u00eda de bloque Frente Amplio por la Soberan\u00eda. C\u00e1mara de Diputados de la Provincia de Santa Fe.<\/li>\n<\/ul>\n","protected":false},"excerpt":{"rendered":"<p>En el marco del 20 de noviembre, hacemos un repaso del trabajo legislativo sobre este tema realizado por el bloque del FRENTE AMPLIO POR LA SOBERAN\u00cdA integrado por Carlos del Frade, Claudia Balagu\u00e9 y Fabian Palo Oliver. La fecha del 20 de noviembre siempre trae consigo un temblor hist\u00f3rico. Sin embargo, no es una postal [&hellip;]<\/p>\n","protected":false},"author":5,"featured_media":19661,"comment_status":"closed","ping_status":"open","sticky":false,"template":"","format":"standard","meta":{"tdm_status":"","tdm_grid_status":"","footnotes":""},"categories":[14],"tags":[994,5981,3473,1626,3080,18],"class_list":{"0":"post-19659","1":"post","2":"type-post","3":"status-publish","4":"format-standard","5":"has-post-thumbnail","7":"category-provinciales","8":"tag-carlos-del-frade","9":"tag-claudia-balague","10":"tag-dia-de-la-soberania-nacional","11":"tag-fabian-palo-oliver","12":"tag-frente-amplio-por-la-soberania","13":"tag-santa-fe"},"_links":{"self":[{"href":"https:\/\/www.noticiasmas.com.ar\/index.php\/wp-json\/wp\/v2\/posts\/19659","targetHints":{"allow":["GET"]}}],"collection":[{"href":"https:\/\/www.noticiasmas.com.ar\/index.php\/wp-json\/wp\/v2\/posts"}],"about":[{"href":"https:\/\/www.noticiasmas.com.ar\/index.php\/wp-json\/wp\/v2\/types\/post"}],"author":[{"embeddable":true,"href":"https:\/\/www.noticiasmas.com.ar\/index.php\/wp-json\/wp\/v2\/users\/5"}],"replies":[{"embeddable":true,"href":"https:\/\/www.noticiasmas.com.ar\/index.php\/wp-json\/wp\/v2\/comments?post=19659"}],"version-history":[{"count":1,"href":"https:\/\/www.noticiasmas.com.ar\/index.php\/wp-json\/wp\/v2\/posts\/19659\/revisions"}],"predecessor-version":[{"id":19662,"href":"https:\/\/www.noticiasmas.com.ar\/index.php\/wp-json\/wp\/v2\/posts\/19659\/revisions\/19662"}],"wp:featuredmedia":[{"embeddable":true,"href":"https:\/\/www.noticiasmas.com.ar\/index.php\/wp-json\/wp\/v2\/media\/19661"}],"wp:attachment":[{"href":"https:\/\/www.noticiasmas.com.ar\/index.php\/wp-json\/wp\/v2\/media?parent=19659"}],"wp:term":[{"taxonomy":"category","embeddable":true,"href":"https:\/\/www.noticiasmas.com.ar\/index.php\/wp-json\/wp\/v2\/categories?post=19659"},{"taxonomy":"post_tag","embeddable":true,"href":"https:\/\/www.noticiasmas.com.ar\/index.php\/wp-json\/wp\/v2\/tags?post=19659"}],"curies":[{"name":"wp","href":"https:\/\/api.w.org\/{rel}","templated":true}]}}