{"id":19702,"date":"2025-11-23T11:47:43","date_gmt":"2025-11-23T14:47:43","guid":{"rendered":"https:\/\/www.noticiasmas.com.ar\/?p=19702"},"modified":"2025-11-23T11:47:45","modified_gmt":"2025-11-23T14:47:45","slug":"aumentaron-los-casos-de-tos-convulsa-en-la-provincia-instan-a-no-dejar-de-vacunar-a-los-menores","status":"publish","type":"post","link":"https:\/\/www.noticiasmas.com.ar\/index.php\/2025\/11\/23\/aumentaron-los-casos-de-tos-convulsa-en-la-provincia-instan-a-no-dejar-de-vacunar-a-los-menores\/","title":{"rendered":"Aumentaron los casos de tos convulsa en la provincia: instan a no dejar de vacunar a los menores"},"content":{"rendered":"\n<p>Los casos de tos convulsa contin\u00faan en aumento en la provincia de Santa Fe. De acuerdo con el \u00faltimo informe epidemiol\u00f3gico provincial, se confirmaron 37 contagios, la mayor\u00eda de ellos en Rosario.<\/p>\n\n\n\n<p>Del total reportado, 32 corresponden al departamento Rosario. Les siguen La Capital con 3 casos, General L\u00f3pez con 1 y Caseros con 1. La enfermedad afecta a personas de todas las edades, desde beb\u00e9s de un mes hasta adultos de 41 a\u00f1os.<\/p>\n\n\n\n<p>Los menores de 1 a\u00f1o son el grupo con mayor cantidad de diagn\u00f3sticos, con 17 casos. En segundo lugar aparecen los adolescentes de entre 10 y 14 a\u00f1os, con 8. Tambi\u00e9n se registraron contagios en ni\u00f1os de 2 a 4 a\u00f1os, j\u00f3venes de 15 a 19 y adultos. En los beb\u00e9s, la enfermedad puede generar cuadros m\u00e1s severos y requerir internaci\u00f3n.<\/p>\n\n\n\n<p>La prevenci\u00f3n de la tos convulsa depende fundamentalmente de la vacunaci\u00f3n. Las vacunas s\u00e9xtuple, pentavalente, triple bacteriana celular y triple bacteriana acelular brindan protecci\u00f3n contra la bacteria <em>Bordetella pertussis<\/em>.<br>Seg\u00fan el informe nacional, ninguna de las personas fallecidas este a\u00f1o ten\u00eda las dosis registradas en el sistema NOMIVAC.<\/p>\n","protected":false},"excerpt":{"rendered":"<p>Los casos de tos convulsa contin\u00faan en aumento en la provincia de Santa Fe. De acuerdo con el \u00faltimo informe epidemiol\u00f3gico provincial, se confirmaron 37 contagios, la mayor\u00eda de ellos en Rosario. Del total reportado, 32 corresponden al departamento Rosario. Les siguen La Capital con 3 casos, General L\u00f3pez con 1 y Caseros con 1. [&hellip;]<\/p>\n","protected":false},"author":9,"featured_media":19703,"comment_status":"closed","ping_status":"open","sticky":false,"template":"","format":"standard","meta":{"tdm_status":"","tdm_grid_status":"","footnotes":""},"categories":[14],"tags":[163,53,5837],"class_list":{"0":"post-19702","1":"post","2":"type-post","3":"status-publish","4":"format-standard","5":"has-post-thumbnail","7":"category-provinciales","8":"tag-rosario","9":"tag-salud","10":"tag-tos-convulsa"},"_links":{"self":[{"href":"https:\/\/www.noticiasmas.com.ar\/index.php\/wp-json\/wp\/v2\/posts\/19702","targetHints":{"allow":["GET"]}}],"collection":[{"href":"https:\/\/www.noticiasmas.com.ar\/index.php\/wp-json\/wp\/v2\/posts"}],"about":[{"href":"https:\/\/www.noticiasmas.com.ar\/index.php\/wp-json\/wp\/v2\/types\/post"}],"author":[{"embeddable":true,"href":"https:\/\/www.noticiasmas.com.ar\/index.php\/wp-json\/wp\/v2\/users\/9"}],"replies":[{"embeddable":true,"href":"https:\/\/www.noticiasmas.com.ar\/index.php\/wp-json\/wp\/v2\/comments?post=19702"}],"version-history":[{"count":1,"href":"https:\/\/www.noticiasmas.com.ar\/index.php\/wp-json\/wp\/v2\/posts\/19702\/revisions"}],"predecessor-version":[{"id":19704,"href":"https:\/\/www.noticiasmas.com.ar\/index.php\/wp-json\/wp\/v2\/posts\/19702\/revisions\/19704"}],"wp:featuredmedia":[{"embeddable":true,"href":"https:\/\/www.noticiasmas.com.ar\/index.php\/wp-json\/wp\/v2\/media\/19703"}],"wp:attachment":[{"href":"https:\/\/www.noticiasmas.com.ar\/index.php\/wp-json\/wp\/v2\/media?parent=19702"}],"wp:term":[{"taxonomy":"category","embeddable":true,"href":"https:\/\/www.noticiasmas.com.ar\/index.php\/wp-json\/wp\/v2\/categories?post=19702"},{"taxonomy":"post_tag","embeddable":true,"href":"https:\/\/www.noticiasmas.com.ar\/index.php\/wp-json\/wp\/v2\/tags?post=19702"}],"curies":[{"name":"wp","href":"https:\/\/api.w.org\/{rel}","templated":true}]}}