{"id":19727,"date":"2025-11-25T17:44:08","date_gmt":"2025-11-25T20:44:08","guid":{"rendered":"https:\/\/www.noticiasmas.com.ar\/?p=19727"},"modified":"2025-11-25T17:44:12","modified_gmt":"2025-11-25T20:44:12","slug":"san-lorenzo-presento-su-protocolo-de-violencia-no-sexista","status":"publish","type":"post","link":"https:\/\/www.noticiasmas.com.ar\/index.php\/2025\/11\/25\/san-lorenzo-presento-su-protocolo-de-violencia-no-sexista\/","title":{"rendered":"San Lorenzo present\u00f3 su Protocolo de Violencia No Sexista"},"content":{"rendered":"\n<p>El programa tiene como objetivo brindar una respuesta efectiva, articulada y oportuna ante situaciones de violencia de g\u00e9nero que se produzcan en el \u00e1mbito municipal.\u00a0Es la primera Municipalidad del Cord\u00f3n Industrial en contar con una herramienta de estas caracter\u00edsticas.<\/p>\n\n\n\n<p>En el marco del D\u00eda de la Eliminaci\u00f3n de la Violencia contra las Mujeres, la Municipalidad de San Lorenzo present\u00f3 su Protocolo de Violencia No Sexista. El programa de actuaci\u00f3n fue presentado en un encuentro desarrollado en la Sala de Prensa Municipal, del que participaron el intendente Leonardo Raimundo y la subsecretaria de G\u00e9nero, Igualdad, Diversidad, Ni\u00f1ez, Adolescencia y Discapacidad, Mariela Chile.<\/p>\n\n\n\n<p>De este modo, San Lorenzo se convirti\u00f3 en la primera municipalidad del Cord\u00f3n Industrial en contar con una herramienta de estas caracter\u00edsticas.<\/p>\n\n\n\n<p>El protocolo tiene como objetivo brindar una respuesta efectiva, articulada y oportuna ante situaciones de violencia de g\u00e9nero que se produzcan en el \u00e1mbito municipal, al garantizar atenci\u00f3n, contenci\u00f3n y acompa\u00f1amiento adecuado a las v\u00edctimas.<\/p>\n\n\n\n<p>Se elabor\u00f3 como resultado del trabajo conjunto de diversas \u00e1reas de la Municipalidad, que buscan fortalecer las pol\u00edticas de prevenci\u00f3n y construir espacios institucionales seguros y libres de violencias para todas las personas que habitan y trabajan en la ciudad.<\/p>\n\n\n\n<p>De la presentaci\u00f3n tambi\u00e9n participaron Tatiana Mu\u00f1oz y Agostina Bara, que integran el proyecto de Fortalecimiento de Equipos Locales.<\/p>\n","protected":false},"excerpt":{"rendered":"<p>El programa tiene como objetivo brindar una respuesta efectiva, articulada y oportuna ante situaciones de violencia de g\u00e9nero que se produzcan en el \u00e1mbito municipal.\u00a0Es la primera Municipalidad del Cord\u00f3n Industrial en contar con una herramienta de estas caracter\u00edsticas. En el marco del D\u00eda de la Eliminaci\u00f3n de la Violencia contra las Mujeres, la Municipalidad [&hellip;]<\/p>\n","protected":false},"author":5,"featured_media":19728,"comment_status":"closed","ping_status":"open","sticky":false,"template":"","format":"standard","meta":{"tdm_status":"","tdm_grid_status":"","footnotes":""},"categories":[13],"tags":[857,5995,58,5994],"class_list":{"0":"post-19727","1":"post","2":"type-post","3":"status-publish","4":"format-standard","5":"has-post-thumbnail","7":"category-region","8":"tag-presentacion","9":"tag-protocolo","10":"tag-san-lorenzo","11":"tag-violencia-no-sexista"},"_links":{"self":[{"href":"https:\/\/www.noticiasmas.com.ar\/index.php\/wp-json\/wp\/v2\/posts\/19727","targetHints":{"allow":["GET"]}}],"collection":[{"href":"https:\/\/www.noticiasmas.com.ar\/index.php\/wp-json\/wp\/v2\/posts"}],"about":[{"href":"https:\/\/www.noticiasmas.com.ar\/index.php\/wp-json\/wp\/v2\/types\/post"}],"author":[{"embeddable":true,"href":"https:\/\/www.noticiasmas.com.ar\/index.php\/wp-json\/wp\/v2\/users\/5"}],"replies":[{"embeddable":true,"href":"https:\/\/www.noticiasmas.com.ar\/index.php\/wp-json\/wp\/v2\/comments?post=19727"}],"version-history":[{"count":1,"href":"https:\/\/www.noticiasmas.com.ar\/index.php\/wp-json\/wp\/v2\/posts\/19727\/revisions"}],"predecessor-version":[{"id":19729,"href":"https:\/\/www.noticiasmas.com.ar\/index.php\/wp-json\/wp\/v2\/posts\/19727\/revisions\/19729"}],"wp:featuredmedia":[{"embeddable":true,"href":"https:\/\/www.noticiasmas.com.ar\/index.php\/wp-json\/wp\/v2\/media\/19728"}],"wp:attachment":[{"href":"https:\/\/www.noticiasmas.com.ar\/index.php\/wp-json\/wp\/v2\/media?parent=19727"}],"wp:term":[{"taxonomy":"category","embeddable":true,"href":"https:\/\/www.noticiasmas.com.ar\/index.php\/wp-json\/wp\/v2\/categories?post=19727"},{"taxonomy":"post_tag","embeddable":true,"href":"https:\/\/www.noticiasmas.com.ar\/index.php\/wp-json\/wp\/v2\/tags?post=19727"}],"curies":[{"name":"wp","href":"https:\/\/api.w.org\/{rel}","templated":true}]}}