{"id":1976,"date":"2023-12-29T16:13:00","date_gmt":"2023-12-29T19:13:00","guid":{"rendered":"https:\/\/www.noticiasmas.com.ar\/?p=1976"},"modified":"2023-12-29T16:13:01","modified_gmt":"2023-12-29T19:13:01","slug":"el-paraguayo-recalde-podria-dejar-newells-para-jugar-en-la-liga-b-del-futbol-brasilero","status":"publish","type":"post","link":"https:\/\/www.noticiasmas.com.ar\/index.php\/2023\/12\/29\/el-paraguayo-recalde-podria-dejar-newells-para-jugar-en-la-liga-b-del-futbol-brasilero\/","title":{"rendered":"El paraguayo Recalde podr\u00eda dejar Newell&#8217;s para jugar en la liga B del f\u00fatbol brasilero"},"content":{"rendered":"\n<p> <p class=\"MsoNormal\" style=\"text-align:justify\"><span lang=\"ES\">El delantero rojinegro Jorge Recalde tiene ofrecimientos desde Brasil que podr\u00edan llevarlo a mudar sus servicios hacia el f\u00fatbol de ese pa\u00eds. Desde Paraguay aseguran que tiene muchas chances de recalar en el Cear\u00e1, entidad que milita en la segunda divisi\u00f3n y que hace rato hab\u00eda puesto la mira en el Pollo. La deuda que mantendr\u00eda Newell\u2019s con el futbolista guaran\u00ed acelerar\u00eda y facilitar\u00eda el desarrollo favorable de esa operaci\u00f3n. Si bien no hubo voces oficiales en el club confirmando esta situaci\u00f3n, todo indica que el atacante podr\u00eda emigrar.<\/span><\/p> <p class=\"MsoNormal\" style=\"text-align:justify\"><span lang=\"ES\">Recalde tuvo mucha banca de Heinze y durante la primera mitad de este a\u00f1o le devolvi\u00f3 esa confianza con esfuerzo, despliegue, buenas producciones y algunos goles. Luego, en la segunda mitad de la temporada, baj\u00f3 mucho su nivel como casi todo el equipo y perdi\u00f3 intensidad y capacidad de incidencia entre tanta irregularidad general.<\/span><\/p> <p class=\"MsoNormal\" style=\"text-align:justify\"><span lang=\"ES\">Vale recordar que cuando arrib\u00f3 el nuevo entrenador, Mauricio Larreira, expuso en su primera conferencia de prensa realizada en el Coloso, que prefiere que sus equipos jueguen \u201ccon un nueve finalizador de jugadas\u201d. Esa frase tambi\u00e9n repercuti\u00f3 y qued\u00f3 haciendo eco en el interior del paraguayo Recalde, quien desde ese instante empez\u00f3 a ver con otros ojos sus chances de poder partir.<\/span><\/p> <p class=\"MsoNormal\" style=\"text-align:justify\"><span lang=\"ES\">Desde el lado del jugador, deslizaron que la operaci\u00f3n al Cear\u00e1 se realizar\u00eda en un monto cercano al mill\u00f3n y medio de d\u00f3lares, y que el club brasile\u00f1o (que act\u00faa en la segunda divisi\u00f3n) le confeccionar\u00eda un v\u00ednculo formal por dos a\u00f1os.<\/span><\/p> <p class=\"MsoNormal\" style=\"text-align:justify\"><span lang=\"ES\">Hasta el momento, todas las tratativas de est\u00e1n desarrollando en buenos t\u00e9rminos desde los dos lados, y el club rojinegro liberar\u00eda de esa manera un cupo en su lista de extranjeros que le otorgar\u00e1 mayores libertades en el presente mercado de pasos.<\/span><\/p> <p class=\"MsoNormal\" style=\"text-align:justify\"><span lang=\"ES\">Con esta inminente partida de Recalde, la dirigencia est\u00e1 acelerando las gestiones para poder traer un centrodelantero. De acuerdo a lo que trascendi\u00f3, todos los ca\u00f1ones apuntan a un nueve extranjero. La idea es realizar los mayores esfuerzos econ\u00f3micos en esa direcci\u00f3n. Uno de los apuntados ser\u00eda el paraguayo Luis Amarilla, de 28 a\u00f1os, quien est\u00e1 jugando en Mazatl\u00e1n de la liga Mexicana.<\/span><\/p> <\/p>\n","protected":false},"excerpt":{"rendered":"<p>El delantero rojinegro Jorge Recalde tiene ofrecimientos desde Brasil que podr\u00edan llevarlo a mudar sus servicios hacia el f\u00fatbol de ese pa\u00eds. Desde Paraguay aseguran que tiene muchas chances de recalar en el Cear\u00e1, entidad que milita en la segunda divisi\u00f3n y que hace rato hab\u00eda puesto la mira en el Pollo. La deuda que [&hellip;]<\/p>\n","protected":false},"author":8,"featured_media":0,"comment_status":"closed","ping_status":"open","sticky":false,"template":"","format":"standard","meta":{"tdm_status":"","tdm_grid_status":"","footnotes":""},"categories":[10],"tags":[73,813,814,811,812,132],"class_list":{"0":"post-1976","1":"post","2":"type-post","3":"status-publish","4":"format-standard","6":"category-deportes","7":"tag-brasil","8":"tag-ceara","9":"tag-delantero","10":"tag-jorge-recalde","11":"tag-liga-b","12":"tag-newells"},"_links":{"self":[{"href":"https:\/\/www.noticiasmas.com.ar\/index.php\/wp-json\/wp\/v2\/posts\/1976","targetHints":{"allow":["GET"]}}],"collection":[{"href":"https:\/\/www.noticiasmas.com.ar\/index.php\/wp-json\/wp\/v2\/posts"}],"about":[{"href":"https:\/\/www.noticiasmas.com.ar\/index.php\/wp-json\/wp\/v2\/types\/post"}],"author":[{"embeddable":true,"href":"https:\/\/www.noticiasmas.com.ar\/index.php\/wp-json\/wp\/v2\/users\/8"}],"replies":[{"embeddable":true,"href":"https:\/\/www.noticiasmas.com.ar\/index.php\/wp-json\/wp\/v2\/comments?post=1976"}],"version-history":[{"count":1,"href":"https:\/\/www.noticiasmas.com.ar\/index.php\/wp-json\/wp\/v2\/posts\/1976\/revisions"}],"predecessor-version":[{"id":1978,"href":"https:\/\/www.noticiasmas.com.ar\/index.php\/wp-json\/wp\/v2\/posts\/1976\/revisions\/1978"}],"wp:attachment":[{"href":"https:\/\/www.noticiasmas.com.ar\/index.php\/wp-json\/wp\/v2\/media?parent=1976"}],"wp:term":[{"taxonomy":"category","embeddable":true,"href":"https:\/\/www.noticiasmas.com.ar\/index.php\/wp-json\/wp\/v2\/categories?post=1976"},{"taxonomy":"post_tag","embeddable":true,"href":"https:\/\/www.noticiasmas.com.ar\/index.php\/wp-json\/wp\/v2\/tags?post=1976"}],"curies":[{"name":"wp","href":"https:\/\/api.w.org\/{rel}","templated":true}]}}