{"id":19766,"date":"2025-11-26T20:32:12","date_gmt":"2025-11-26T23:32:12","guid":{"rendered":"https:\/\/www.noticiasmas.com.ar\/?p=19766"},"modified":"2025-11-26T20:32:15","modified_gmt":"2025-11-26T23:32:15","slug":"goly-ceriani-orgullo-de-iriondo","status":"publish","type":"post","link":"https:\/\/www.noticiasmas.com.ar\/index.php\/2025\/11\/26\/goly-ceriani-orgullo-de-iriondo\/","title":{"rendered":"Goly Ceriani, Orgullo de Iriondo"},"content":{"rendered":"\n<p>La Senadur\u00eda del Departamento Iriondo reconoci\u00f3 a \u00c1ngel \u201cGoly\u201d Ceriani con la medalla Orgullo de Iriondo.<\/p>\n\n\n\n<p>El senador por el departamento Iriondo, Hugo Jes\u00fas Rasetto, entreg\u00f3 la distinci\u00f3n Orgullo de Iriondo al m\u00fasico ca\u00f1adense \u00c1ngel Ceriani, en reconocimiento a su trayectoria, su aporte al folclore regional y su rol como referente cultural de toda la zona.<\/p>\n\n\n\n<p>Con 66 a\u00f1os de vida y casi cinco d\u00e9cadas de carrera, Ceriani se convirti\u00f3 en una figura emblem\u00e1tica de la identidad art\u00edstica de Ca\u00f1ada de G\u00f3mez y del departamento Iriondo. Su voz, su bombo y su v\u00ednculo permanente con los escenarios consolidaron un legado que atraves\u00f3 generaciones y que sigue vigente en cada presentaci\u00f3n.<\/p>\n\n\n\n<p>A los 19 a\u00f1os inici\u00f3 su camino en el folclore, pasi\u00f3n que naci\u00f3 de forma simple y casual, pero que marc\u00f3 para siempre su vida. En 1987 fund\u00f3 el grupo El Canto de las Tres Lunas, junto a Freddy Castro, Pablo Herrera, Mar\u00eda Bel\u00e9n Ceriani y Daniel Moroni. Su creaci\u00f3n m\u00e1s reconocida, la canci\u00f3n que da nombre al Festival de las Tres Lunas, se transform\u00f3 en el himno de uno de los eventos culturales m\u00e1s relevantes de la regi\u00f3n.<\/p>\n\n\n\n<p>Ceriani fue telonero de artistas como Horacio Guaran\u00ed, Los Nocheros y el Chaque\u00f1o Palavecino, recorri\u00f3 escenarios de toda la regi\u00f3n, particip\u00f3 en numerosas pe\u00f1as del Festival de Cosqu\u00edn y llev\u00f3 su m\u00fasica al Monumento a la Bandera, uno de los espacios m\u00e1s emblem\u00e1ticos del pa\u00eds. Su familia es parte esencial de su recorrido: su hija Mar\u00eda Bel\u00e9n lo acompa\u00f1a con la guitarra y su hijo Horacio lo acompa\u00f1aba en el bombo, ambos formados como maestros de baile folcl\u00f3rico.<\/p>\n\n\n\n<p>\u201c\u00c1ngel es parte de nuestra identidad cultural. Su historia, su esfuerzo y su manera de vivir la m\u00fasica representan lo mejor de nuestra comunidad. Reconocerlo es reconocer a quienes, desde el arte, fortalecen nuestras ra\u00edces y nuestra pertenencia\u201d, expres\u00f3 el senador Hugo Jes\u00fas Rasetto.<\/p>\n\n\n\n<p>La ceremonia destac\u00f3 no solo su trayectoria art\u00edstica, sino tambi\u00e9n su calidez humana y su sentido del humor, rasgos que lo convirtieron en un referente querido por toda la regi\u00f3n. Con la medalla Orgullo de Iriondo, el departamento rinde homenaje a un artista que hizo de cada escenario un espacio para celebrar la cultura y el sentimiento de nuestra gente.<\/p>\n\n\n\n<p><\/p>\n","protected":false},"excerpt":{"rendered":"<p>La Senadur\u00eda del Departamento Iriondo reconoci\u00f3 a \u00c1ngel \u201cGoly\u201d Ceriani con la medalla Orgullo de Iriondo. El senador por el departamento Iriondo, Hugo Jes\u00fas Rasetto, entreg\u00f3 la distinci\u00f3n Orgullo de Iriondo al m\u00fasico ca\u00f1adense \u00c1ngel Ceriani, en reconocimiento a su trayectoria, su aporte al folclore regional y su rol como referente cultural de toda la [&hellip;]<\/p>\n","protected":false},"author":5,"featured_media":19767,"comment_status":"closed","ping_status":"open","sticky":false,"template":"","format":"standard","meta":{"tdm_status":"","tdm_grid_status":"","footnotes":""},"categories":[4],"tags":[6010,1345,1591,5557,2340],"class_list":{"0":"post-19766","1":"post","2":"type-post","3":"status-publish","4":"format-standard","5":"has-post-thumbnail","7":"category-culturayespectaculos","8":"tag-angel-goly-ceriani","9":"tag-departamento-iriondo","10":"tag-hugo-rasetto","11":"tag-orgullo-de-iriondo","12":"tag-reconocimiento"},"_links":{"self":[{"href":"https:\/\/www.noticiasmas.com.ar\/index.php\/wp-json\/wp\/v2\/posts\/19766","targetHints":{"allow":["GET"]}}],"collection":[{"href":"https:\/\/www.noticiasmas.com.ar\/index.php\/wp-json\/wp\/v2\/posts"}],"about":[{"href":"https:\/\/www.noticiasmas.com.ar\/index.php\/wp-json\/wp\/v2\/types\/post"}],"author":[{"embeddable":true,"href":"https:\/\/www.noticiasmas.com.ar\/index.php\/wp-json\/wp\/v2\/users\/5"}],"replies":[{"embeddable":true,"href":"https:\/\/www.noticiasmas.com.ar\/index.php\/wp-json\/wp\/v2\/comments?post=19766"}],"version-history":[{"count":1,"href":"https:\/\/www.noticiasmas.com.ar\/index.php\/wp-json\/wp\/v2\/posts\/19766\/revisions"}],"predecessor-version":[{"id":19768,"href":"https:\/\/www.noticiasmas.com.ar\/index.php\/wp-json\/wp\/v2\/posts\/19766\/revisions\/19768"}],"wp:featuredmedia":[{"embeddable":true,"href":"https:\/\/www.noticiasmas.com.ar\/index.php\/wp-json\/wp\/v2\/media\/19767"}],"wp:attachment":[{"href":"https:\/\/www.noticiasmas.com.ar\/index.php\/wp-json\/wp\/v2\/media?parent=19766"}],"wp:term":[{"taxonomy":"category","embeddable":true,"href":"https:\/\/www.noticiasmas.com.ar\/index.php\/wp-json\/wp\/v2\/categories?post=19766"},{"taxonomy":"post_tag","embeddable":true,"href":"https:\/\/www.noticiasmas.com.ar\/index.php\/wp-json\/wp\/v2\/tags?post=19766"}],"curies":[{"name":"wp","href":"https:\/\/api.w.org\/{rel}","templated":true}]}}