{"id":19769,"date":"2025-11-26T20:46:14","date_gmt":"2025-11-26T23:46:14","guid":{"rendered":"https:\/\/www.noticiasmas.com.ar\/?p=19769"},"modified":"2025-11-26T20:46:17","modified_gmt":"2025-11-26T23:46:17","slug":"gremio-coad-abrio-las-puertas-de-su-sede-para-recibir-donaciones-de-alimentos-para-trabajadores-del-frigorifico-euro","status":"publish","type":"post","link":"https:\/\/www.noticiasmas.com.ar\/index.php\/2025\/11\/26\/gremio-coad-abrio-las-puertas-de-su-sede-para-recibir-donaciones-de-alimentos-para-trabajadores-del-frigorifico-euro\/","title":{"rendered":"GREMIO COAD ABRI\u00d3 LAS PUERTAS DE SU SEDE PARA RECIBIR DONACIONES DE ALIMENTOS PARA TRABAJADORES DEL FRIGORIFICO EURO"},"content":{"rendered":"\n<p>Unos 160 Operarios de la Planta en Villa Gobernador G\u00e1lvez no cobran sus sueldos desde septiembre y el futuro es incierto.<\/p>\n\n\n\n<p>Los trabajadores de la triper\u00eda Euro, ubicada en Villa Gobernador G\u00e1lvez, siguen reclamando por el pago de salarios atrasados por parte del \u201cgrupo inversor\u201d que proviene de la ciudad de Buenos Aires. Por lo pronto intermedia en el conflicto la cartera laboral de Santa Fe y los operarios temen por sus fuentes laborales y el vaciamiento de la planta que desde el 10 de noviembre pasado est\u00e1 tomada por los mismos trabajadores.<\/p>\n\n\n\n<p>Ante la situaci\u00f3n que agobia a unos 160 operarios de Euro, este mi\u00e9rcoles se dio a conocer el gesto solidarios de docentes de la UNR nucleados en el gremio COAD que han puesto sus sede gremial para quienes puedan acercar donaciones de alimentos.<\/p>\n\n\n\n<p>\u201cPara poder continuar con la toma y otras medidas de fuerza, lxs trabajadorxs necesitan de la solidaridad y apoyo del conjunto\u201d, indicaron desde el gremio universitario .<\/p>\n\n\n\n<p>Desde este mi\u00e9rcoles y hasta el martes 2 de diciembre incluido, \u201cestaremos recibiendo\u201d en la Sede Gremial de COAD (Tucuman 2254) alimentos que luego \u201charemos llegar a lxs trabajadorxs en conflicto\u201d, reiter\u00f3 la COAD.<\/p>\n\n\n\n<p>Los horarios para acercar las donaciones son los habituales de apertura de la Sede Gremial: de lunes a viernes entre las 8 y las 20hs. y el s\u00e1bado de 9 a 13hs.<\/p>\n","protected":false},"excerpt":{"rendered":"<p>Unos 160 Operarios de la Planta en Villa Gobernador G\u00e1lvez no cobran sus sueldos desde septiembre y el futuro es incierto. Los trabajadores de la triper\u00eda Euro, ubicada en Villa Gobernador G\u00e1lvez, siguen reclamando por el pago de salarios atrasados por parte del \u201cgrupo inversor\u201d que proviene de la ciudad de Buenos Aires. Por lo [&hellip;]<\/p>\n","protected":false},"author":5,"featured_media":19770,"comment_status":"closed","ping_status":"open","sticky":false,"template":"","format":"standard","meta":{"tdm_status":"","tdm_grid_status":"","footnotes":""},"categories":[13],"tags":[6012,6011,6013,957],"class_list":{"0":"post-19769","1":"post","2":"type-post","3":"status-publish","4":"format-standard","5":"has-post-thumbnail","7":"category-region","8":"tag-coad-recibe-donaciones","9":"tag-frigorifico-euro","10":"tag-futuro-incierto","11":"tag-villa-gdor-galvez"},"_links":{"self":[{"href":"https:\/\/www.noticiasmas.com.ar\/index.php\/wp-json\/wp\/v2\/posts\/19769","targetHints":{"allow":["GET"]}}],"collection":[{"href":"https:\/\/www.noticiasmas.com.ar\/index.php\/wp-json\/wp\/v2\/posts"}],"about":[{"href":"https:\/\/www.noticiasmas.com.ar\/index.php\/wp-json\/wp\/v2\/types\/post"}],"author":[{"embeddable":true,"href":"https:\/\/www.noticiasmas.com.ar\/index.php\/wp-json\/wp\/v2\/users\/5"}],"replies":[{"embeddable":true,"href":"https:\/\/www.noticiasmas.com.ar\/index.php\/wp-json\/wp\/v2\/comments?post=19769"}],"version-history":[{"count":1,"href":"https:\/\/www.noticiasmas.com.ar\/index.php\/wp-json\/wp\/v2\/posts\/19769\/revisions"}],"predecessor-version":[{"id":19771,"href":"https:\/\/www.noticiasmas.com.ar\/index.php\/wp-json\/wp\/v2\/posts\/19769\/revisions\/19771"}],"wp:featuredmedia":[{"embeddable":true,"href":"https:\/\/www.noticiasmas.com.ar\/index.php\/wp-json\/wp\/v2\/media\/19770"}],"wp:attachment":[{"href":"https:\/\/www.noticiasmas.com.ar\/index.php\/wp-json\/wp\/v2\/media?parent=19769"}],"wp:term":[{"taxonomy":"category","embeddable":true,"href":"https:\/\/www.noticiasmas.com.ar\/index.php\/wp-json\/wp\/v2\/categories?post=19769"},{"taxonomy":"post_tag","embeddable":true,"href":"https:\/\/www.noticiasmas.com.ar\/index.php\/wp-json\/wp\/v2\/tags?post=19769"}],"curies":[{"name":"wp","href":"https:\/\/api.w.org\/{rel}","templated":true}]}}