{"id":19779,"date":"2025-11-26T21:06:36","date_gmt":"2025-11-27T00:06:36","guid":{"rendered":"https:\/\/www.noticiasmas.com.ar\/?p=19779"},"modified":"2025-11-26T21:06:40","modified_gmt":"2025-11-27T00:06:40","slug":"la-municipalidad-completo-la-pavimentacion-de-calle-intendente-vivas","status":"publish","type":"post","link":"https:\/\/www.noticiasmas.com.ar\/index.php\/2025\/11\/26\/la-municipalidad-completo-la-pavimentacion-de-calle-intendente-vivas\/","title":{"rendered":"La Municipalidad complet\u00f3 la pavimentaci\u00f3n de calle Intendente Vivas"},"content":{"rendered":"\n<p>La obra se ejecut\u00f3 con asfalto polimerizado, un material m\u00e1s resistente y duradero, sobre una extensi\u00f3n de 1.100 metros lineales entre bulevar Urquiza y Ber\u00f3n de Astrada. En una etapa previa la Municipalidad hab\u00eda iluminado con luces led la arteria, que une los barrios Mitre y Las Quintas.<\/p>\n\n\n\n<p>La Municipalidad de San Lorenzo complet\u00f3 la repavimentaci\u00f3n de la calle Intendente Vivas, en el marco de un programa que registra obras del mismo tipo en treinta cuadras de la ciudad. Esta intervenci\u00f3n se extendi\u00f3 a lo largo de 1100 metros entre bulevar Urquiza y Ber\u00f3n de Astrada, sobre el trazado abierto por el municipio en 2017 para comunicar a los barrios Mitre y Las Quintas.<\/p>\n\n\n\n<p>La calle ya hab\u00eda sumado infraestructura en diferentes etapas: primero su apertura como nuevo corredor norte\u2013sur, luego su pavimentaci\u00f3n inicial y posteriormente la instalaci\u00f3n del sistema lum\u00ednico led con 35 columnas y l\u00e1mparas de 15 mil l\u00famenes. Finalmente, en estas \u00faltimas semanas se construy\u00f3 el pavimento definitivo con material asf\u00e1ltico polimerizado.<\/p>\n\n\n\n<p>Los trabajos consistieron en movimientos de suelos, rectificaci\u00f3n de desag\u00fces, el tendido del material y su alisamiento.<\/p>\n\n\n\n<p>\u201cVivas es una calle que naci\u00f3 como una conexi\u00f3n nueva y hoy se consolida como un eje neur\u00e1lgico del oeste de San Lorenzo. En pocos a\u00f1os tuvo su apertura, iluminaci\u00f3n, asfaltado en fr\u00edo y ahora pavimentaci\u00f3n de alta durabilidad. Esta transformaci\u00f3n expresa de manera concreta lo que implica desarrollar infraestructura donde antes no la hab\u00eda\u201d, sostuvo el intendente Leonardo Raimundo.<\/p>\n","protected":false},"excerpt":{"rendered":"<p>La obra se ejecut\u00f3 con asfalto polimerizado, un material m\u00e1s resistente y duradero, sobre una extensi\u00f3n de 1.100 metros lineales entre bulevar Urquiza y Ber\u00f3n de Astrada. En una etapa previa la Municipalidad hab\u00eda iluminado con luces led la arteria, que une los barrios Mitre y Las Quintas. La Municipalidad de San Lorenzo complet\u00f3 la [&hellip;]<\/p>\n","protected":false},"author":5,"featured_media":19780,"comment_status":"closed","ping_status":"open","sticky":false,"template":"","format":"standard","meta":{"tdm_status":"","tdm_grid_status":"","footnotes":""},"categories":[13],"tags":[2226,6017,58],"class_list":{"0":"post-19779","1":"post","2":"type-post","3":"status-publish","4":"format-standard","5":"has-post-thumbnail","7":"category-region","8":"tag-asfaltado","9":"tag-calle-intendente-vivas","10":"tag-san-lorenzo"},"_links":{"self":[{"href":"https:\/\/www.noticiasmas.com.ar\/index.php\/wp-json\/wp\/v2\/posts\/19779","targetHints":{"allow":["GET"]}}],"collection":[{"href":"https:\/\/www.noticiasmas.com.ar\/index.php\/wp-json\/wp\/v2\/posts"}],"about":[{"href":"https:\/\/www.noticiasmas.com.ar\/index.php\/wp-json\/wp\/v2\/types\/post"}],"author":[{"embeddable":true,"href":"https:\/\/www.noticiasmas.com.ar\/index.php\/wp-json\/wp\/v2\/users\/5"}],"replies":[{"embeddable":true,"href":"https:\/\/www.noticiasmas.com.ar\/index.php\/wp-json\/wp\/v2\/comments?post=19779"}],"version-history":[{"count":1,"href":"https:\/\/www.noticiasmas.com.ar\/index.php\/wp-json\/wp\/v2\/posts\/19779\/revisions"}],"predecessor-version":[{"id":19781,"href":"https:\/\/www.noticiasmas.com.ar\/index.php\/wp-json\/wp\/v2\/posts\/19779\/revisions\/19781"}],"wp:featuredmedia":[{"embeddable":true,"href":"https:\/\/www.noticiasmas.com.ar\/index.php\/wp-json\/wp\/v2\/media\/19780"}],"wp:attachment":[{"href":"https:\/\/www.noticiasmas.com.ar\/index.php\/wp-json\/wp\/v2\/media?parent=19779"}],"wp:term":[{"taxonomy":"category","embeddable":true,"href":"https:\/\/www.noticiasmas.com.ar\/index.php\/wp-json\/wp\/v2\/categories?post=19779"},{"taxonomy":"post_tag","embeddable":true,"href":"https:\/\/www.noticiasmas.com.ar\/index.php\/wp-json\/wp\/v2\/tags?post=19779"}],"curies":[{"name":"wp","href":"https:\/\/api.w.org\/{rel}","templated":true}]}}