{"id":19785,"date":"2025-11-26T21:21:10","date_gmt":"2025-11-27T00:21:10","guid":{"rendered":"https:\/\/www.noticiasmas.com.ar\/?p=19785"},"modified":"2025-11-26T21:21:13","modified_gmt":"2025-11-27T00:21:13","slug":"destacada-jornada-de-capacitacion-vial-en-el-sindicato-de-camioneros-de-santa-fe","status":"publish","type":"post","link":"https:\/\/www.noticiasmas.com.ar\/index.php\/2025\/11\/26\/destacada-jornada-de-capacitacion-vial-en-el-sindicato-de-camioneros-de-santa-fe\/","title":{"rendered":"Destacada jornada de capacitaci\u00f3n vial en el Sindicato de Camioneros de Santa Fe"},"content":{"rendered":"\n<p>En el d\u00eda de hoy, el auditorio del Sindicato de Camioneros de la provincia de Santa Fe fue el escenario de una importante reuni\u00f3n de capacitaci\u00f3n para choferes profesionales. El evento cont\u00f3 con la presencia de diversas autoridades y representantes del sector.<\/p>\n\n\n\n<p>Entre los asistentes estuvieron Sergio Aladio, secretario general del sindicato, y Carlos Torres, director de la Agencia de Seguridad Vial de Santa Fe. Tambi\u00e9n particip\u00f3 Miguel Rizzotti, director general de Prevenci\u00f3n de Accidentes de Tr\u00e1nsito de la provincia de C\u00f3rdoba, y Claudia Giaccone, directora de la regi\u00f3n centro.<\/p>\n\n\n\n<p>El encuentro cont\u00f3 adem\u00e1s con la participaci\u00f3n de la C\u00e1mara Empresaria de Transporte Automotor de Cargas de Rosario y de C\u00f3rdoba, as\u00ed como representantes del sindicato de la UTA, el sindicato de peones de taxi y el sindicato de remiseros de Rosario, entre otros.<\/p>\n\n\n\n<p>Un momento destacado fue la presentaci\u00f3n de un informe por parte de la Fundaci\u00f3n Fuceit (Fundaci\u00f3n Centro de Estudios e investigaci\u00f3n del Trabajo), presidida por Aladio, que expuso la preocupante realidad global de la accidentolog\u00eda vial, subrayando cifras alarmantes de m\u00e1s de 3.200 muertes diarias a nivel mundial por accidentes de tr\u00e1nsito.<\/p>\n\n\n\n<p>Finalmente, los capacitadores de la Agencia de Seguridad Vial interactuaron con los presentes, enfoc\u00e1ndose en la formaci\u00f3n para una conducci\u00f3n segura y en la prevenci\u00f3n de accidentes, logrando una jornada de gran participaci\u00f3n y un ambiente de colaboraci\u00f3n notable.<\/p>\n","protected":false},"excerpt":{"rendered":"<p>En el d\u00eda de hoy, el auditorio del Sindicato de Camioneros de la provincia de Santa Fe fue el escenario de una importante reuni\u00f3n de capacitaci\u00f3n para choferes profesionales. El evento cont\u00f3 con la presencia de diversas autoridades y representantes del sector. Entre los asistentes estuvieron Sergio Aladio, secretario general del sindicato, y Carlos Torres, [&hellip;]<\/p>\n","protected":false},"author":5,"featured_media":19786,"comment_status":"closed","ping_status":"open","sticky":false,"template":"","format":"standard","meta":{"tdm_status":"","tdm_grid_status":"","footnotes":""},"categories":[14],"tags":[600,6022,18,6021],"class_list":{"0":"post-19785","1":"post","2":"type-post","3":"status-publish","4":"format-standard","5":"has-post-thumbnail","7":"category-provinciales","8":"tag-capacitacion","9":"tag-choferes-profesionales","10":"tag-santa-fe","11":"tag-sindicato-camioneros"},"_links":{"self":[{"href":"https:\/\/www.noticiasmas.com.ar\/index.php\/wp-json\/wp\/v2\/posts\/19785","targetHints":{"allow":["GET"]}}],"collection":[{"href":"https:\/\/www.noticiasmas.com.ar\/index.php\/wp-json\/wp\/v2\/posts"}],"about":[{"href":"https:\/\/www.noticiasmas.com.ar\/index.php\/wp-json\/wp\/v2\/types\/post"}],"author":[{"embeddable":true,"href":"https:\/\/www.noticiasmas.com.ar\/index.php\/wp-json\/wp\/v2\/users\/5"}],"replies":[{"embeddable":true,"href":"https:\/\/www.noticiasmas.com.ar\/index.php\/wp-json\/wp\/v2\/comments?post=19785"}],"version-history":[{"count":1,"href":"https:\/\/www.noticiasmas.com.ar\/index.php\/wp-json\/wp\/v2\/posts\/19785\/revisions"}],"predecessor-version":[{"id":19787,"href":"https:\/\/www.noticiasmas.com.ar\/index.php\/wp-json\/wp\/v2\/posts\/19785\/revisions\/19787"}],"wp:featuredmedia":[{"embeddable":true,"href":"https:\/\/www.noticiasmas.com.ar\/index.php\/wp-json\/wp\/v2\/media\/19786"}],"wp:attachment":[{"href":"https:\/\/www.noticiasmas.com.ar\/index.php\/wp-json\/wp\/v2\/media?parent=19785"}],"wp:term":[{"taxonomy":"category","embeddable":true,"href":"https:\/\/www.noticiasmas.com.ar\/index.php\/wp-json\/wp\/v2\/categories?post=19785"},{"taxonomy":"post_tag","embeddable":true,"href":"https:\/\/www.noticiasmas.com.ar\/index.php\/wp-json\/wp\/v2\/tags?post=19785"}],"curies":[{"name":"wp","href":"https:\/\/api.w.org\/{rel}","templated":true}]}}